{"id":4844,"date":"2021-01-15T11:08:11","date_gmt":"2021-01-15T14:08:11","guid":{"rendered":"https:\/\/www.biologix.com.br\/?p=4844"},"modified":"2025-01-02T12:16:31","modified_gmt":"2025-01-02T15:16:31","slug":"a-importancia-do-sono-para-a-saude-bucal","status":"publish","type":"post","link":"https:\/\/www.biologix.com.br\/es\/2021\/01\/15\/a-importancia-do-sono-para-a-saude-bucal\/","title":{"rendered":"A import\u00e2ncia do sono para a sa\u00fade bucal<br><span class='secondary-title'>Entenda a rela\u00e7\u00e3o do sono com a sa\u00fade bucal<\/span>"},"content":{"rendered":"<p>O corpo humano \u00e9 uma m\u00e1quina viva e complexa, que funciona dia e noite. Como sabemos, ele precisa descansar em alguns momentos e por isso deve-se saber sobre a<strong> import\u00e2ncia do sono <\/strong>para a recupera\u00e7\u00e3o e manuten\u00e7\u00e3o dos sinais vitais.<\/p>\n\n\n\n<p>At\u00e9 mesmo a higieniza\u00e7\u00e3o bucal est\u00e1 relacionada \u00e0 sa\u00fade, de uma forma geral, pois a alimenta\u00e7\u00e3o passa pela boca e chega ao sistema digestivo, aproveitando todas as vitaminas e minerais.<\/p>\n\n\n\n<!--more-->\n\n\n\n<p>Para que uma pessoa tenha uma qualidade de vida ben\u00e9fica e esteja com a autoestima elevada, \u00e9 poss\u00edvel associar o descanso merecido com um sorriso bonito estampado no rosto.<\/p>\n\n\n\n<h2 class=\"wp-block-heading\">Profiss\u00f5es podem interferir na sa\u00fade corporal<\/h2>\n\n\n\n<p>A produtividade de um profissional est\u00e1 relacionada com a sua sa\u00fade, nos mais diferentes aspectos da vida. Por isso as empresas devem respeitar as horas de descanso e oferecer benef\u00edcios para que cada um possa trabalhar de forma produtiva e saud\u00e1vel.<\/p>\n\n\n\t\t<div data-elementor-type=\"section\" data-elementor-id=\"3430\" class=\"elementor elementor-3430\" data-elementor-post-type=\"elementor_library\">\n\t\t\t\t\t<section class=\"elementor-section elementor-top-section elementor-element elementor-element-0aae773 elementor-section-boxed elementor-section-height-default elementor-section-height-default\" data-id=\"0aae773\" data-element_type=\"section\" data-e-type=\"section\">\n\t\t\t\t\t\t<div class=\"elementor-container elementor-column-gap-default\">\n\t\t\t\t\t<div class=\"elementor-column elementor-col-100 elementor-top-column elementor-element elementor-element-15740c0\" data-id=\"15740c0\" data-element_type=\"column\" data-e-type=\"column\">\n\t\t\t<div class=\"elementor-widget-wrap elementor-element-populated\">\n\t\t\t\t\t\t<section class=\"elementor-section elementor-inner-section elementor-element elementor-element-c9165c4 elementor-section-boxed elementor-section-height-default elementor-section-height-default\" data-id=\"c9165c4\" data-element_type=\"section\" data-e-type=\"section\">\n\t\t\t\t\t\t<div class=\"elementor-container elementor-column-gap-default\">\n\t\t\t\t\t<div class=\"elementor-column elementor-col-50 elementor-inner-column elementor-element elementor-element-55d21cc\" data-id=\"55d21cc\" data-element_type=\"column\" data-e-type=\"column\">\n\t\t\t<div class=\"elementor-widget-wrap elementor-element-populated\">\n\t\t\t\t\t\t<div class=\"elementor-element elementor-element-0180177 elementor-align-justify elementor-widget elementor-widget-button\" data-id=\"0180177\" data-element_type=\"widget\" data-e-type=\"widget\" data-widget_type=\"button.default\">\n\t\t\t\t<div class=\"elementor-widget-container\">\n\t\t\t\t\t\t\t\t\t<div class=\"elementor-button-wrapper\">\n\t\t\t\t\t<a class=\"elementor-button elementor-button-link elementor-size-sm\" href=\"https:\/\/api.whatsapp.com\/send\/?phone=5511963746007&#038;text=Ol%C3%A1%21+Sou+profissional+de+sa%C3%BAde+e+tenho+interesse+em+saber+mais+sobre+como+posso+me+tornar+um+centro+credenciado+Biologix.&#038;type=phone_number&#038;app_absent=0\">\n\t\t\t\t\t\t<span class=\"elementor-button-content-wrapper\">\n\t\t\t\t\t\t\t\t\t<span class=\"elementor-button-text\">Entre en contacto con un asesor<\/span>\n\t\t\t\t\t<\/span>\n\t\t\t\t\t<\/a>\n\t\t\t\t<\/div>\n\t\t\t\t\t\t\t\t<\/div>\n\t\t\t\t<\/div>\n\t\t\t\t\t<\/div>\n\t\t<\/div>\n\t\t\t\t<div class=\"elementor-column elementor-col-50 elementor-inner-column elementor-element elementor-element-4bb7811\" data-id=\"4bb7811\" data-element_type=\"column\" data-e-type=\"column\">\n\t\t\t<div class=\"elementor-widget-wrap elementor-element-populated\">\n\t\t\t\t\t\t<div class=\"elementor-element elementor-element-be95e67 elementor-align-justify elementor-widget elementor-widget-button\" data-id=\"be95e67\" data-element_type=\"widget\" data-e-type=\"widget\" data-widget_type=\"button.default\">\n\t\t\t\t<div class=\"elementor-widget-container\">\n\t\t\t\t\t\t\t\t\t<div class=\"elementor-button-wrapper\">\n\t\t\t\t\t<a class=\"elementor-button elementor-button-link elementor-size-sm\" href=\"https:\/\/www.biologix.com.br\/es\/todos-os-conteudos\/\">\n\t\t\t\t\t\t<span class=\"elementor-button-content-wrapper\">\n\t\t\t\t\t\t\t\t\t<span class=\"elementor-button-text\">Contenidos relacionados<\/span>\n\t\t\t\t\t<\/span>\n\t\t\t\t\t<\/a>\n\t\t\t\t<\/div>\n\t\t\t\t\t\t\t\t<\/div>\n\t\t\t\t<\/div>\n\t\t\t\t\t<\/div>\n\t\t<\/div>\n\t\t\t\t\t<\/div>\n\t\t<\/section>\n\t\t\t\t\t<\/div>\n\t\t<\/div>\n\t\t\t\t\t<\/div>\n\t\t<\/section>\n\t\t\t\t<\/div>\n\t\t\n\n\n\n<p>Oferecer um sal\u00e1rio compat\u00edvel com o mercado e um <a href=\"https:\/\/www.idealodonto.com.br\/convenio-dental\"><strong>conv\u00eanio denta<\/strong><\/a><a href=\"https:\/\/www.idealodonto.com.br\/convenio-dental\">l<\/a> pode ser o come\u00e7o de uma parceria entre empresa e funcion\u00e1rio que pode durar um longo per\u00edodo, desde que ambas as partes estejam de acordo e satisfeitas.<\/p>\n\n\n\n<p>Para as pessoas que atuam no per\u00edodo noturno, por exemplo, o tempo de adapta\u00e7\u00e3o do corpo humano pode levar algum tempo, e o sono interfere na pr\u00f3pria sa\u00fade bucal, levando em considera\u00e7\u00e3o que todo o sistema digestivo precisa se adaptar a novos hor\u00e1rios e h\u00e1bitos.<\/p>\n\n\n\n<h2 class=\"wp-block-heading\">Problemas com sa\u00fade bucal interferem no sono<\/h2>\n\n\n\n<p>A vida profissional pode refletir na forma como o corpo se adapta \u00e0s mais diferentes situa\u00e7\u00f5es em que um profissional \u00e9 colocado.<\/p>\n\n\n\n<p>No entanto, alguns h\u00e1bitos podem interferir no sono no cotidiano das pessoas e ser percebido apenas durante a visita a uma cl\u00ednica especializada utilizando o <a href=\"https:\/\/www.idealodonto.com.br\/plano-odontologico-pessoa-fisica\"><strong>plano odontol\u00f3gico pessoa f\u00edsica<\/strong><\/a>.<\/p>\n\n\n\t\t<div data-elementor-type=\"section\" data-elementor-id=\"587\" class=\"elementor elementor-587\" data-elementor-post-type=\"elementor_library\">\n\t\t\t\t\t<section class=\"elementor-section elementor-top-section elementor-element elementor-element-4d0649a elementor-section-boxed elementor-section-height-default elementor-section-height-default\" data-id=\"4d0649a\" data-element_type=\"section\" data-e-type=\"section\">\n\t\t\t\t\t\t<div class=\"elementor-container elementor-column-gap-default\">\n\t\t\t\t\t<div class=\"elementor-column elementor-col-100 elementor-top-column elementor-element elementor-element-9d36ab1\" data-id=\"9d36ab1\" data-element_type=\"column\" data-e-type=\"column\">\n\t\t\t<div class=\"elementor-widget-wrap elementor-element-populated\">\n\t\t\t\t\t\t<div class=\"elementor-element elementor-element-c0177f3 elementor-widget elementor-widget-html\" data-id=\"c0177f3\" data-element_type=\"widget\" data-e-type=\"widget\" data-widget_type=\"html.default\">\n\t\t\t\t<div class=\"elementor-widget-container\">\n\t\t\t\t\t<div role=\"main\" id=\"site-inscricao-receber-conteudo-66a2c8b9048f99353f18\"><\/div><script type=\"text\/javascript\" src=\"https:\/\/d335luupugsy2.cloudfront.net\/js\/rdstation-forms\/stable\/rdstation-forms.min.js\"><\/script><script type=\"text\/javascript\"> new RDStationForms('site-inscricao-receber-conteudo-66a2c8b9048f99353f18', 'UA-128422573-1').createForm();<\/script>\t\t\t\t<\/div>\n\t\t\t\t<\/div>\n\t\t\t\t\t<\/div>\n\t\t<\/div>\n\t\t\t\t\t<\/div>\n\t\t<\/section>\n\t\t\t\t<\/div>\n\t\t\n\n\n\n<p>Um dentista pode identificar que o paciente est\u00e1 respirando errado, e isso interferir nas noites de sono, provocando ronco ou at\u00e9 mesmo a apneia obstrutiva do sono. Essa obstru\u00e7\u00e3o atinge a garganta, provocando pequenas paradas da respira\u00e7\u00e3o.<\/p>\n\n\n\n<p>A sa\u00fade bucal fica prejudicada por causa da falta de saliva, deixando a boca seca e com possibilidade de aparecimento de c\u00e1ries nos dentes.<\/p>\n\n\n\n<p>Los <strong><a href=\"https:\/\/www.idealodonto.com.br\/convenios-odontologicos\">conv\u00eanios odontol\u00f3gicos<\/a><\/strong> e m\u00e9dicos possuem uma carteira de profissionais que podem ajudar a corrigir problemas relacionados ao sono e que interferem tamb\u00e9m na sa\u00fade bucal. O encaminhamento pode ser feito por qualquer profissional, desde que o tratamento seja o mais adequado poss\u00edvel.<\/p>\n\n\n\n<h2 class=\"wp-block-heading\">Tratamentos dent\u00e1rios podem afetar o sono<\/h2>\n\n\n\n<p>O uso de medicamentos durante um tratamento dent\u00e1rio pode influenciar no sistema nervoso do corpo humano, deixando ele relaxado por mais tempo que o necess\u00e1rio que o corpo humano necessita.<\/p>\n\n\n\n<p>Por isso, \u00e9 preciso conversar com o dentista quando o paciente utiliza o <a href=\"https:\/\/www.idealodonto.com.br\/convenio-dentario\"><strong>conv\u00eanio dent\u00e1rio<\/strong><\/a> para realizar uma remo\u00e7\u00e3o de dente, ou para um tratamento de canal, em que os rem\u00e9dios utilizados s\u00e3o potentes e necess\u00e1rios.<\/p>\n\n\n\n<p>A sonol\u00eancia pode aparecer durante a aplica\u00e7\u00e3o de um anest\u00e9sico, dependendo da quantidade utilizada e do n\u00edvel de estresse do paciente. Se for preciso uma quantidade acima da m\u00e9dia, isso pode afetar o sono por um longo per\u00edodo, se estendendo de um dia para o outro.<\/p>\n\n\n\n<p>Cabe ao profissional dosar na medida certa a quantidade, para que o paciente n\u00e3o sofra nenhum tipo de dor enquanto os procedimentos odontol\u00f3gicos s\u00e3o realizados. A receita m\u00e9dica tamb\u00e9m deve ser preparada para que os rem\u00e9dios sejam ingeridos dentro de um per\u00edodo apropriado, at\u00e9 a \u00faltima dose.<\/p>\n\n\n\n<h2 class=\"wp-block-heading\">Sistemas do corpo trabalham em conjunto<\/h2>\n\n\n\n<p>Uma boa noite de sono n\u00e3o afeta apenas a sa\u00fade bucal, mas todos os sistemas do corpo humano, sendo que h\u00e1 alguns que se beneficiam enquanto a pessoa descansa, entre eles:<\/p>\n\n\n\n<ul class=\"wp-block-list\"><li>Respirat\u00f3rio;<\/li><li>Digest\u00f3rio;<\/li><li>Circulat\u00f3rio;<\/li><li>Imunol\u00f3gico.<\/li><\/ul>\n\n\n\n<p>Vale destacar que o sistema digest\u00f3rio tamb\u00e9m \u00e9 muito importante para todo o corpo humano por causa da absor\u00e7\u00e3o de nutrientes em forma de vitaminas, prote\u00ednas e sais minerais presentes nos alimentos que s\u00e3o ingeridos.<\/p>\n\n\n\n<p>Por isso a sa\u00fade bucal deve ser levada a s\u00e9rio em todos os momentos, j\u00e1 que a boca e a faringe n\u00e3o est\u00e3o em pleno funcionamento durante o sono, mas o est\u00f4mago, o intestino delgado e o grosso fazem seu trabalho de forma conjunta e eficiente, desde que n\u00e3o haja nenhum problema.<\/p>\n\n\n\n<p>Quando se pensa em sa\u00fade bucal, \u00e9 bom lembrar que os dentes fazem a digest\u00e3o mec\u00e2nica triturando os alimentos na boca, e ent\u00e3o ocorre a digest\u00e3o qu\u00edmica, em que os alimentos passam pelas enzimas.<\/p>\n\n\n\n<p>Sem uma sa\u00fade bucal apropriada, as gl\u00e2ndulas salivares, a ves\u00edcula biliar, o p\u00e2ncreas e o f\u00edgado podem ter o funcionamento alterado, causando problemas estomacais, entre outros, que podem prejudicar o corpo humano de forma geral.<\/p>\n\n\n\n<p>\u00c9 necess\u00e1rio consumir alimentos leves durante o per\u00edodo noturno, evitar exageros no consumo de a\u00e7\u00facar e bebidas alco\u00f3licas para assim ter uma noite de sono tranquila e na manuten\u00e7\u00e3o de um corpo saud\u00e1vel.<\/p>\n\n\n\n<p><em>Este contenido se desarroll\u00f3 originalmente por el equipo de <strong>Ideal Odonto<\/strong>, empresa especializada em planos odontol\u00f3gicos com atendimento acess\u00edvel para devolver o sorriso dos pacientes.<\/em><\/p>","protected":false},"excerpt":{"rendered":"<p>O corpo humano \u00e9 uma m\u00e1quina viva e complexa, que funciona dia e noite. Como sabemos, ele precisa descansar em alguns momentos e por isso&hellip;<\/p>","protected":false},"author":11,"featured_media":4846,"comment_status":"closed","ping_status":"open","sticky":false,"template":"","format":"standard","meta":{"footnotes":""},"categories":[191],"tags":[97,133,192,9],"class_list":["post-4844","post","type-post","status-publish","format-standard","has-post-thumbnail","hentry","category-convidados","tag-bruxismo","tag-odontologia","tag-saude-bucal","tag-sono"],"aioseo_notices":[],"_links":{"self":[{"href":"https:\/\/www.biologix.com.br\/es\/wp-json\/wp\/v2\/posts\/4844","targetHints":{"allow":["GET"]}}],"collection":[{"href":"https:\/\/www.biologix.com.br\/es\/wp-json\/wp\/v2\/posts"}],"about":[{"href":"https:\/\/www.biologix.com.br\/es\/wp-json\/wp\/v2\/types\/post"}],"author":[{"embeddable":true,"href":"https:\/\/www.biologix.com.br\/es\/wp-json\/wp\/v2\/users\/11"}],"replies":[{"embeddable":true,"href":"https:\/\/www.biologix.com.br\/es\/wp-json\/wp\/v2\/comments?post=4844"}],"version-history":[{"count":3,"href":"https:\/\/www.biologix.com.br\/es\/wp-json\/wp\/v2\/posts\/4844\/revisions"}],"predecessor-version":[{"id":4910,"href":"https:\/\/www.biologix.com.br\/es\/wp-json\/wp\/v2\/posts\/4844\/revisions\/4910"}],"wp:featuredmedia":[{"embeddable":true,"href":"https:\/\/www.biologix.com.br\/es\/wp-json\/wp\/v2\/media\/4846"}],"wp:attachment":[{"href":"https:\/\/www.biologix.com.br\/es\/wp-json\/wp\/v2\/media?parent=4844"}],"wp:term":[{"taxonomy":"category","embeddable":true,"href":"https:\/\/www.biologix.com.br\/es\/wp-json\/wp\/v2\/categories?post=4844"},{"taxonomy":"post_tag","embeddable":true,"href":"https:\/\/www.biologix.com.br\/es\/wp-json\/wp\/v2\/tags?post=4844"}],"curies":[{"name":"wp","href":"https:\/\/api.w.org\/{rel}","templated":true}]}}