{"id":4945,"date":"2021-02-19T16:26:36","date_gmt":"2021-02-19T19:26:36","guid":{"rendered":"https:\/\/www.biologix.com.br\/?p=4945"},"modified":"2025-08-13T10:41:09","modified_gmt":"2025-08-13T13:41:09","slug":"questoes-essenciais-em-odontologia-do-sono-topicos-discutidos-com-o-paciente","status":"publish","type":"post","link":"https:\/\/www.biologix.com.br\/es\/2021\/02\/19\/questoes-essenciais-em-odontologia-do-sono-topicos-discutidos-com-o-paciente\/","title":{"rendered":"Quest\u00f5es essenciais em odontologia do sono: t\u00f3picos discutidos com o paciente<br><span class='secondary-title'>Quais as quest\u00f5es mais dif\u00edceis de se discutir com os pacientes?<\/span>"},"content":{"rendered":"<div data-elementor-type=\"wp-post\" data-elementor-id=\"4945\" class=\"elementor elementor-4945\" data-elementor-post-type=\"post\">\n\t\t\t\t<div class=\"elementor-element elementor-element-49f044f7 e-flex e-con-boxed e-con e-parent\" data-id=\"49f044f7\" data-element_type=\"container\" data-e-type=\"container\">\n\t\t\t\t\t<div class=\"e-con-inner\">\n\t\t\t\t<div class=\"elementor-element elementor-element-1588a6d8 elementor-widget elementor-widget-text-editor\" data-id=\"1588a6d8\" data-element_type=\"widget\" data-e-type=\"widget\" data-widget_type=\"text-editor.default\">\n\t\t\t\t<div class=\"elementor-widget-container\">\n\t\t\t\t\t\t\t\t\t<p><\/p>\n<p>A terceira e \u00faltima pergunta elaborada pela American Academy of Dental Sleep Medicine e publicada em artigo especial do Journal of Dental Sleep Medicine (JDSM), sobre quest\u00f5es essenciais em odontologia do sono, est\u00e1 relacionada aos t\u00f3picos discutidos com o paciente.<\/p>\n<p><\/p>\n<p><\/p><\/div><\/div><\/div><\/div><\/div> <a href=\"https:\/\/www.biologix.com.br\/es\/2021\/02\/19\/questoes-essenciais-em-odontologia-do-sono-topicos-discutidos-com-o-paciente\/#more-4945\" class=\"more-link elementor-more-link\"><span aria-label=\"Sigue leyendo Quest\u00f5es essenciais em odontologia do sono: t\u00f3picos discutidos com o pacienteQuais as quest\u00f5es mais dif\u00edceis de se discutir com os pacientes?\">(m\u00e1s&hellip;)<\/span><\/a>","protected":false},"excerpt":{"rendered":"<p>A terceira e \u00faltima pergunta elaborada pela American Academy of Dental Sleep Medicine e publicada em artigo especial do Journal of Dental Sleep Medicine (JDSM),&hellip;<\/p>","protected":false},"author":11,"featured_media":11615,"comment_status":"closed","ping_status":"open","sticky":false,"template":"","format":"standard","meta":{"footnotes":""},"categories":[13,12],"tags":[5,89,196,133,147,149,9],"class_list":["post-4945","post","type-post","status-publish","format-standard","has-post-thumbnail","hentry","category-odontologia","category-profissional-de-saude","tag-apneia-do-sono","tag-dentista","tag-intraoral","tag-odontologia","tag-oximetria","tag-oximetria-noturna","tag-sono"],"aioseo_notices":[],"_links":{"self":[{"href":"https:\/\/www.biologix.com.br\/es\/wp-json\/wp\/v2\/posts\/4945","targetHints":{"allow":["GET"]}}],"collection":[{"href":"https:\/\/www.biologix.com.br\/es\/wp-json\/wp\/v2\/posts"}],"about":[{"href":"https:\/\/www.biologix.com.br\/es\/wp-json\/wp\/v2\/types\/post"}],"author":[{"embeddable":true,"href":"https:\/\/www.biologix.com.br\/es\/wp-json\/wp\/v2\/users\/11"}],"replies":[{"embeddable":true,"href":"https:\/\/www.biologix.com.br\/es\/wp-json\/wp\/v2\/comments?post=4945"}],"version-history":[{"count":13,"href":"https:\/\/www.biologix.com.br\/es\/wp-json\/wp\/v2\/posts\/4945\/revisions"}],"predecessor-version":[{"id":13748,"href":"https:\/\/www.biologix.com.br\/es\/wp-json\/wp\/v2\/posts\/4945\/revisions\/13748"}],"wp:featuredmedia":[{"embeddable":true,"href":"https:\/\/www.biologix.com.br\/es\/wp-json\/wp\/v2\/media\/11615"}],"wp:attachment":[{"href":"https:\/\/www.biologix.com.br\/es\/wp-json\/wp\/v2\/media?parent=4945"}],"wp:term":[{"taxonomy":"category","embeddable":true,"href":"https:\/\/www.biologix.com.br\/es\/wp-json\/wp\/v2\/categories?post=4945"},{"taxonomy":"post_tag","embeddable":true,"href":"https:\/\/www.biologix.com.br\/es\/wp-json\/wp\/v2\/tags?post=4945"}],"curies":[{"name":"wp","href":"https:\/\/api.w.org\/{rel}","templated":true}]}}