{"id":5041,"date":"2021-04-22T10:11:37","date_gmt":"2021-04-22T13:11:37","guid":{"rendered":"https:\/\/www.biologix.com.br\/?p=5041"},"modified":"2025-08-13T10:33:52","modified_gmt":"2025-08-13T13:33:52","slug":"sindrome-da-apneia-obstrutiva-do-sono-saos-no-adulto","status":"publish","type":"post","link":"https:\/\/www.biologix.com.br\/es\/2021\/04\/22\/sindrome-da-apneia-obstrutiva-do-sono-saos-no-adulto\/","title":{"rendered":"S\u00edndrome da apneia obstrutiva do sono (SAOS) no adulto<br><span class='secondary-title'>Da \"desconfian\u00e7a cl\u00ednica\" ao tratamento<\/span>"},"content":{"rendered":"<div data-elementor-type=\"wp-post\" data-elementor-id=\"5041\" class=\"elementor elementor-5041\" data-elementor-post-type=\"post\">\n\t\t\t\t<div class=\"elementor-element elementor-element-44bb9e4e e-flex e-con-boxed e-con e-parent\" data-id=\"44bb9e4e\" data-element_type=\"container\" data-e-type=\"container\">\n\t\t\t\t\t<div class=\"e-con-inner\">\n\t\t\t\t<div class=\"elementor-element elementor-element-67f58f2e elementor-widget elementor-widget-text-editor\" data-id=\"67f58f2e\" data-element_type=\"widget\" data-e-type=\"widget\" data-widget_type=\"text-editor.default\">\n\t\t\t\t<div class=\"elementor-widget-container\">\n\t\t\t\t\t\t\t\t\t<p><\/p>\n<p><strong>Por Dr. Walter Silva J\u00fanior<\/strong><\/p>\n<p><\/p>\n<p>Durante esses tempos dif\u00edceis que estamos vivendo, os problemas de sono aumentaram muito. Dificuldade para dormir, sono descontinuado, despertar precoce, cansa\u00e7o ao acordar, piora no ronco e apneia obstrutiva (em especial devido ao ganho de peso que muitos tiveram) s\u00e3o algumas das principais queixas apontadas.<\/p>\n<p><\/p>\n<p><\/p><\/div><\/div><\/div><\/div><\/div> <a href=\"https:\/\/www.biologix.com.br\/es\/2021\/04\/22\/sindrome-da-apneia-obstrutiva-do-sono-saos-no-adulto\/#more-5041\" class=\"more-link elementor-more-link\"><span aria-label=\"Sigue leyendo S\u00edndrome da apneia obstrutiva do sono (SAOS) no adultoDa &quot;desconfian\u00e7a cl\u00ednica&quot; ao tratamento\">(m\u00e1s&hellip;)<\/span><\/a>","protected":false},"excerpt":{"rendered":"<p>Por Dr. Walter Silva J\u00fanior Durante esses tempos dif\u00edceis que estamos vivendo, os problemas de sono aumentaram muito. Dificuldade para dormir, sono descontinuado, despertar precoce,&hellip;<\/p>","protected":false},"author":11,"featured_media":11618,"comment_status":"closed","ping_status":"open","sticky":false,"template":"","format":"standard","meta":{"footnotes":""},"categories":[13,12],"tags":[58,5,89,196,133,149],"class_list":["post-5041","post","type-post","status-publish","format-standard","has-post-thumbnail","hentry","category-odontologia","category-profissional-de-saude","tag-aos-2","tag-apneia-do-sono","tag-dentista","tag-intraoral","tag-odontologia","tag-oximetria-noturna"],"aioseo_notices":[],"_links":{"self":[{"href":"https:\/\/www.biologix.com.br\/es\/wp-json\/wp\/v2\/posts\/5041","targetHints":{"allow":["GET"]}}],"collection":[{"href":"https:\/\/www.biologix.com.br\/es\/wp-json\/wp\/v2\/posts"}],"about":[{"href":"https:\/\/www.biologix.com.br\/es\/wp-json\/wp\/v2\/types\/post"}],"author":[{"embeddable":true,"href":"https:\/\/www.biologix.com.br\/es\/wp-json\/wp\/v2\/users\/11"}],"replies":[{"embeddable":true,"href":"https:\/\/www.biologix.com.br\/es\/wp-json\/wp\/v2\/comments?post=5041"}],"version-history":[{"count":12,"href":"https:\/\/www.biologix.com.br\/es\/wp-json\/wp\/v2\/posts\/5041\/revisions"}],"predecessor-version":[{"id":13736,"href":"https:\/\/www.biologix.com.br\/es\/wp-json\/wp\/v2\/posts\/5041\/revisions\/13736"}],"wp:featuredmedia":[{"embeddable":true,"href":"https:\/\/www.biologix.com.br\/es\/wp-json\/wp\/v2\/media\/11618"}],"wp:attachment":[{"href":"https:\/\/www.biologix.com.br\/es\/wp-json\/wp\/v2\/media?parent=5041"}],"wp:term":[{"taxonomy":"category","embeddable":true,"href":"https:\/\/www.biologix.com.br\/es\/wp-json\/wp\/v2\/categories?post=5041"},{"taxonomy":"post_tag","embeddable":true,"href":"https:\/\/www.biologix.com.br\/es\/wp-json\/wp\/v2\/tags?post=5041"}],"curies":[{"name":"wp","href":"https:\/\/api.w.org\/{rel}","templated":true}]}}