{"id":5104,"date":"2021-05-04T14:23:07","date_gmt":"2021-05-04T17:23:07","guid":{"rendered":"https:\/\/www.biologix.com.br\/?p=5104"},"modified":"2025-08-13T10:21:41","modified_gmt":"2025-08-13T13:21:41","slug":"sono-e-transito","status":"publish","type":"post","link":"https:\/\/www.biologix.com.br\/es\/2021\/05\/04\/sono-e-transito\/","title":{"rendered":"Sono e tr\u00e2nsito: uma combina\u00e7\u00e3o que pode ser fatal<br><span class='secondary-title'>Entenda a combina\u00e7\u00e3o desastrosa entre sono e tr\u00e2nsito<\/span>"},"content":{"rendered":"<div data-elementor-type=\"wp-post\" data-elementor-id=\"5104\" class=\"elementor elementor-5104\" data-elementor-post-type=\"post\">\n\t\t\t\t<div class=\"elementor-element elementor-element-48d587f e-flex e-con-boxed e-con e-parent\" data-id=\"48d587f\" data-element_type=\"container\" data-e-type=\"container\">\n\t\t\t\t\t<div class=\"e-con-inner\">\n\t\t\t\t<div class=\"elementor-element elementor-element-25066f0e elementor-widget elementor-widget-text-editor\" data-id=\"25066f0e\" data-element_type=\"widget\" data-e-type=\"widget\" data-widget_type=\"text-editor.default\">\n\t\t\t\t<div class=\"elementor-widget-container\">\n\t\t\t\t\t\t\t\t\t<p><\/p>\n<p>J\u00e1 \u00e9 de conhecimento geral que o sono excessivo causa preju\u00edzo nas atividades laborais, sociais, neuropsicol\u00f3gicas e cognitivas, al\u00e9m de aumentar o risco de acidentes de tr\u00e2nsito.<\/p>\n<p><\/p>\n<p><\/p><\/div><\/div><\/div><\/div><\/div> <a href=\"https:\/\/www.biologix.com.br\/es\/2021\/05\/04\/sono-e-transito\/#more-5104\" class=\"more-link elementor-more-link\"><span aria-label=\"Sigue leyendo Sono e tr\u00e2nsito: uma combina\u00e7\u00e3o que pode ser fatalEntenda a combina\u00e7\u00e3o desastrosa entre sono e tr\u00e2nsito\">(m\u00e1s&hellip;)<\/span><\/a>","protected":false},"excerpt":{"rendered":"<p>J\u00e1 \u00e9 de conhecimento geral que o sono excessivo causa preju\u00edzo nas atividades laborais, sociais, neuropsicol\u00f3gicas e cognitivas, al\u00e9m de aumentar o risco de acidentes&hellip;<\/p>","protected":false},"author":11,"featured_media":5132,"comment_status":"closed","ping_status":"open","sticky":false,"template":"","format":"standard","meta":{"footnotes":""},"categories":[12],"tags":[5,202,147,9,86,174],"class_list":["post-5104","post","type-post","status-publish","format-standard","has-post-thumbnail","hentry","category-profissional-de-saude","tag-apneia-do-sono","tag-medicina-do-trafego","tag-oximetria","tag-sono","tag-sonolencia","tag-transito"],"aioseo_notices":[],"_links":{"self":[{"href":"https:\/\/www.biologix.com.br\/es\/wp-json\/wp\/v2\/posts\/5104","targetHints":{"allow":["GET"]}}],"collection":[{"href":"https:\/\/www.biologix.com.br\/es\/wp-json\/wp\/v2\/posts"}],"about":[{"href":"https:\/\/www.biologix.com.br\/es\/wp-json\/wp\/v2\/types\/post"}],"author":[{"embeddable":true,"href":"https:\/\/www.biologix.com.br\/es\/wp-json\/wp\/v2\/users\/11"}],"replies":[{"embeddable":true,"href":"https:\/\/www.biologix.com.br\/es\/wp-json\/wp\/v2\/comments?post=5104"}],"version-history":[{"count":21,"href":"https:\/\/www.biologix.com.br\/es\/wp-json\/wp\/v2\/posts\/5104\/revisions"}],"predecessor-version":[{"id":13730,"href":"https:\/\/www.biologix.com.br\/es\/wp-json\/wp\/v2\/posts\/5104\/revisions\/13730"}],"wp:featuredmedia":[{"embeddable":true,"href":"https:\/\/www.biologix.com.br\/es\/wp-json\/wp\/v2\/media\/5132"}],"wp:attachment":[{"href":"https:\/\/www.biologix.com.br\/es\/wp-json\/wp\/v2\/media?parent=5104"}],"wp:term":[{"taxonomy":"category","embeddable":true,"href":"https:\/\/www.biologix.com.br\/es\/wp-json\/wp\/v2\/categories?post=5104"},{"taxonomy":"post_tag","embeddable":true,"href":"https:\/\/www.biologix.com.br\/es\/wp-json\/wp\/v2\/tags?post=5104"}],"curies":[{"name":"wp","href":"https:\/\/api.w.org\/{rel}","templated":true}]}}