{"id":5260,"date":"2021-06-10T11:06:38","date_gmt":"2021-06-10T14:06:38","guid":{"rendered":"https:\/\/www.biologix.com.br\/?p=5260"},"modified":"2025-08-13T10:19:47","modified_gmt":"2025-08-13T13:19:47","slug":"depressao-e-apneia-obstrutiva-do-sono","status":"publish","type":"post","link":"https:\/\/www.biologix.com.br\/es\/2021\/06\/10\/depressao-e-apneia-obstrutiva-do-sono\/","title":{"rendered":"Depresi\u00f3n y apnea obstructiva del sue\u00f1o<br><span class='secondary-title'>Entienda la relaci\u00f3n entre la depresi\u00f3n y la apnea del sue\u00f1o<\/span>"},"content":{"rendered":"<div data-elementor-type=\"wp-post\" data-elementor-id=\"5260\" class=\"elementor elementor-5260\" data-elementor-post-type=\"post\">\n\t\t\t\t<div class=\"elementor-element elementor-element-2c903684 e-flex e-con-boxed e-con e-parent\" data-id=\"2c903684\" data-element_type=\"container\" data-e-type=\"container\">\n\t\t\t\t\t<div class=\"e-con-inner\">\n\t\t\t\t<div class=\"elementor-element elementor-element-7c5d1564 elementor-widget elementor-widget-text-editor\" data-id=\"7c5d1564\" data-element_type=\"widget\" data-e-type=\"widget\" data-widget_type=\"text-editor.default\">\n\t\t\t\t<div class=\"elementor-widget-container\">\n\t\t\t\t\t\t\t\t\t<p><\/p>\n<p><span class=\"has-inline-color\" style=\"background-color: rgba(0, 0, 0, 0); color: #009877;\"><strong>La depresi\u00f3n es un diagn\u00f3stico sindr\u00f3mico:<\/strong><\/span> un conjunto de signos y s\u00edntomas que engloba un grupo heterog\u00e9neo de enfermedades.<\/p>\n<p><\/p>\n<p><\/p><\/div><\/div><\/div><\/div><\/div> <a href=\"https:\/\/www.biologix.com.br\/es\/2021\/06\/10\/depressao-e-apneia-obstrutiva-do-sono\/#more-5260\" class=\"more-link elementor-more-link\"><span aria-label=\"Sigue leyendo Depress\u00e3o e apneia obstrutiva do sonoEntenda qual a rela\u00e7\u00e3o da depress\u00e3o e apneia do sono\">(m\u00e1s&hellip;)<\/span><\/a>","protected":false},"excerpt":{"rendered":"<p>La depresi\u00f3n es un diagn\u00f3stico sindr\u00f3mico: un conjunto de signos y s\u00edntomas que engloba un grupo heterog\u00e9neo de enfermedades (...)<\/p>","protected":false},"author":11,"featured_media":11540,"comment_status":"closed","ping_status":"open","sticky":false,"template":"","format":"standard","meta":{"footnotes":""},"categories":[12,203],"tags":[23,5,63,88],"class_list":["post-5260","post","type-post","status-publish","format-standard","has-post-thumbnail","hentry","category-profissional-de-saude","category-psiquiatria","tag-apneia","tag-apneia-do-sono","tag-depressao","tag-exame-do-sono"],"aioseo_notices":[],"_links":{"self":[{"href":"https:\/\/www.biologix.com.br\/es\/wp-json\/wp\/v2\/posts\/5260","targetHints":{"allow":["GET"]}}],"collection":[{"href":"https:\/\/www.biologix.com.br\/es\/wp-json\/wp\/v2\/posts"}],"about":[{"href":"https:\/\/www.biologix.com.br\/es\/wp-json\/wp\/v2\/types\/post"}],"author":[{"embeddable":true,"href":"https:\/\/www.biologix.com.br\/es\/wp-json\/wp\/v2\/users\/11"}],"replies":[{"embeddable":true,"href":"https:\/\/www.biologix.com.br\/es\/wp-json\/wp\/v2\/comments?post=5260"}],"version-history":[{"count":21,"href":"https:\/\/www.biologix.com.br\/es\/wp-json\/wp\/v2\/posts\/5260\/revisions"}],"predecessor-version":[{"id":13727,"href":"https:\/\/www.biologix.com.br\/es\/wp-json\/wp\/v2\/posts\/5260\/revisions\/13727"}],"wp:featuredmedia":[{"embeddable":true,"href":"https:\/\/www.biologix.com.br\/es\/wp-json\/wp\/v2\/media\/11540"}],"wp:attachment":[{"href":"https:\/\/www.biologix.com.br\/es\/wp-json\/wp\/v2\/media?parent=5260"}],"wp:term":[{"taxonomy":"category","embeddable":true,"href":"https:\/\/www.biologix.com.br\/es\/wp-json\/wp\/v2\/categories?post=5260"},{"taxonomy":"post_tag","embeddable":true,"href":"https:\/\/www.biologix.com.br\/es\/wp-json\/wp\/v2\/tags?post=5260"}],"curies":[{"name":"wp","href":"https:\/\/api.w.org\/{rel}","templated":true}]}}