{"id":5329,"date":"2021-07-08T12:06:07","date_gmt":"2021-07-08T15:06:07","guid":{"rendered":"https:\/\/www.biologix.com.br\/?p=5329"},"modified":"2025-08-13T10:17:52","modified_gmt":"2025-08-13T13:17:52","slug":"apneia-do-sono-em-mulheres-e-subdiagnosticada-e-subtratada","status":"publish","type":"post","link":"https:\/\/www.biologix.com.br\/es\/2021\/07\/08\/apneia-do-sono-em-mulheres-e-subdiagnosticada-e-subtratada\/","title":{"rendered":"Apneia do sono em mulheres \u00e9 subdiagnosticada e subtratada<br><span class='secondary-title'>Saiba como a apneia do sono difere entre homens e mulheres<\/span>"},"content":{"rendered":"<div data-elementor-type=\"wp-post\" data-elementor-id=\"5329\" class=\"elementor elementor-5329\" data-elementor-post-type=\"post\">\n\t\t\t\t<div class=\"elementor-element elementor-element-52b549b e-flex e-con-boxed e-con e-parent\" data-id=\"52b549b\" data-element_type=\"container\" data-e-type=\"container\">\n\t\t\t\t\t<div class=\"e-con-inner\">\n\t\t\t\t<div class=\"elementor-element elementor-element-116b1da2 elementor-widget elementor-widget-text-editor\" data-id=\"116b1da2\" data-element_type=\"widget\" data-e-type=\"widget\" data-widget_type=\"text-editor.default\">\n\t\t\t\t<div class=\"elementor-widget-container\">\n\t\t\t\t\t\t\t\t\t<p><\/p>\n<p>Dos 22 milh\u00f5es de diagn\u00f3sticos de apneia do sono a cada ano nos Estados Unidos, mais da metade \u00e9 em homens. Mas, isso n\u00e3o significa que as mulheres n\u00e3o tenham este grave dist\u00farbio do sono, que faz com que sua respira\u00e7\u00e3o pare ou se torne muito superficial em curtos per\u00edodos de sono.<\/p>\n<p><\/p>\n<p><\/p><\/div><\/div><\/div><\/div><\/div> <a href=\"https:\/\/www.biologix.com.br\/es\/2021\/07\/08\/apneia-do-sono-em-mulheres-e-subdiagnosticada-e-subtratada\/#more-5329\" class=\"more-link elementor-more-link\"><span aria-label=\"Sigue leyendo Apneia do sono em mulheres \u00e9 subdiagnosticada e subtratadaSaiba como a apneia do sono difere entre homens e mulheres\">(m\u00e1s&hellip;)<\/span><\/a>","protected":false},"excerpt":{"rendered":"<p>Dos 22 milh\u00f5es de diagn\u00f3sticos de apneia do sono a cada ano nos Estados Unidos, mais da metade \u00e9 em homens. Mas, isso n\u00e3o significa&hellip;<\/p>","protected":false},"author":11,"featured_media":5338,"comment_status":"closed","ping_status":"open","sticky":false,"template":"","format":"standard","meta":{"footnotes":""},"categories":[12],"tags":[58,5,181,29,173,86],"class_list":["post-5329","post","type-post","status-publish","format-standard","has-post-thumbnail","hentry","category-profissional-de-saude","tag-aos-2","tag-apneia-do-sono","tag-menopausa","tag-polissonografia","tag-sono-na-mulher","tag-sonolencia"],"aioseo_notices":[],"_links":{"self":[{"href":"https:\/\/www.biologix.com.br\/es\/wp-json\/wp\/v2\/posts\/5329","targetHints":{"allow":["GET"]}}],"collection":[{"href":"https:\/\/www.biologix.com.br\/es\/wp-json\/wp\/v2\/posts"}],"about":[{"href":"https:\/\/www.biologix.com.br\/es\/wp-json\/wp\/v2\/types\/post"}],"author":[{"embeddable":true,"href":"https:\/\/www.biologix.com.br\/es\/wp-json\/wp\/v2\/users\/11"}],"replies":[{"embeddable":true,"href":"https:\/\/www.biologix.com.br\/es\/wp-json\/wp\/v2\/comments?post=5329"}],"version-history":[{"count":9,"href":"https:\/\/www.biologix.com.br\/es\/wp-json\/wp\/v2\/posts\/5329\/revisions"}],"predecessor-version":[{"id":13723,"href":"https:\/\/www.biologix.com.br\/es\/wp-json\/wp\/v2\/posts\/5329\/revisions\/13723"}],"wp:featuredmedia":[{"embeddable":true,"href":"https:\/\/www.biologix.com.br\/es\/wp-json\/wp\/v2\/media\/5338"}],"wp:attachment":[{"href":"https:\/\/www.biologix.com.br\/es\/wp-json\/wp\/v2\/media?parent=5329"}],"wp:term":[{"taxonomy":"category","embeddable":true,"href":"https:\/\/www.biologix.com.br\/es\/wp-json\/wp\/v2\/categories?post=5329"},{"taxonomy":"post_tag","embeddable":true,"href":"https:\/\/www.biologix.com.br\/es\/wp-json\/wp\/v2\/tags?post=5329"}],"curies":[{"name":"wp","href":"https:\/\/api.w.org\/{rel}","templated":true}]}}