{"id":5346,"date":"2021-07-16T08:51:52","date_gmt":"2021-07-16T11:51:52","guid":{"rendered":"https:\/\/www.biologix.com.br\/?p=5346"},"modified":"2025-01-02T18:40:07","modified_gmt":"2025-01-02T21:40:07","slug":"relacao-dos-dentes-com-a-saude-mental","status":"publish","type":"post","link":"https:\/\/www.biologix.com.br\/es\/2021\/07\/16\/relacao-dos-dentes-com-a-saude-mental\/","title":{"rendered":"La relaci\u00f3n de los dientes con la salud mental<br><span class='secondary-title'>Entienda la conexi\u00f3n entre la salud bucal y mental<\/span>"},"content":{"rendered":"<p>La relaci\u00f3n entre la integridad <strong>dental y la salud mental<\/strong> puede ser m\u00e1s profunda de lo que muchos pacientes imaginan. La condici\u00f3n oral influye directamente en la autoestima, mientras que los factores psicol\u00f3gicos tambi\u00e9n pueden desencadenar problemas dentales.<\/p>\n\n\n\n<!--more-->\n\n\n\n<p>Por ejemplo, un paciente sometido constantemente a situaciones de estr\u00e9s, ya sea en el trabajo, en su entorno de convivencia o en sus relaciones personales, puede desarrollar <strong>bruxismo<\/strong>.&nbsp;&nbsp;<\/p>\n\n\n\n<p>Esta condici\u00f3n odontol\u00f3gica, con ra\u00edces emocionales en muchos casos, se manifiesta de dos formas: cuando la persona aprieta los dientes con fuerza durante el d\u00eda (conocido tambi\u00e9n como bruxismo diurno) o cuando los rechina mientras duerme (bruxismo propiamente dicho).<\/p>\n\n\n\t\t<div data-elementor-type=\"section\" data-elementor-id=\"587\" class=\"elementor elementor-587\" data-elementor-post-type=\"elementor_library\">\n\t\t\t\t\t<section class=\"elementor-section elementor-top-section elementor-element elementor-element-4d0649a elementor-section-boxed elementor-section-height-default elementor-section-height-default\" data-id=\"4d0649a\" data-element_type=\"section\" data-e-type=\"section\">\n\t\t\t\t\t\t<div class=\"elementor-container elementor-column-gap-default\">\n\t\t\t\t\t<div class=\"elementor-column elementor-col-100 elementor-top-column elementor-element elementor-element-9d36ab1\" data-id=\"9d36ab1\" data-element_type=\"column\" data-e-type=\"column\">\n\t\t\t<div class=\"elementor-widget-wrap elementor-element-populated\">\n\t\t\t\t\t\t<div class=\"elementor-element elementor-element-c0177f3 elementor-widget elementor-widget-html\" data-id=\"c0177f3\" data-element_type=\"widget\" data-e-type=\"widget\" data-widget_type=\"html.default\">\n\t\t\t\t<div class=\"elementor-widget-container\">\n\t\t\t\t\t<div role=\"main\" id=\"site-inscricao-receber-conteudo-66a2c8b9048f99353f18\"><\/div><script type=\"text\/javascript\" src=\"https:\/\/d335luupugsy2.cloudfront.net\/js\/rdstation-forms\/stable\/rdstation-forms.min.js\"><\/script><script type=\"text\/javascript\"> new RDStationForms('site-inscricao-receber-conteudo-66a2c8b9048f99353f18', 'UA-128422573-1').createForm();<\/script>\t\t\t\t<\/div>\n\t\t\t\t<\/div>\n\t\t\t\t\t<\/div>\n\t\t<\/div>\n\t\t\t\t\t<\/div>\n\t\t<\/section>\n\t\t\t\t<\/div>\n\t\t\n\n\n\n<p>Ambas acciones resultan da\u00f1inas, suelen pasar inadvertidas y se diagnostican tarde, lo que puede comprometer la integridad dental.<\/p>\n\n\n\n<p>El bruxismo genera consecuencias diversas, como:<\/p>\n\n\n\n<ul class=\"wp-block-list\"><li>Desgaste del esmalte dental<\/li><li>Aplanamiento de los dientes<\/li><li>Dolores de cabeza<\/li><li>Grietas o fracturas dentales<\/li><li>Sensibilidad dental<\/li><\/ul>\n\n\n\n<p>Por eso, el tratamiento incluye tanto la correcci\u00f3n de los efectos colaterales, con protectores bucales y restauraciones dentales, como el acompa\u00f1amiento psicol\u00f3gico y, en casos m\u00e1s severos, la prescripci\u00f3n de medicamentos calmantes.<\/p>\n\n\n\n<p>Del mismo modo, los problemas orales tambi\u00e9n impactan de forma significativa en la autoestima y en la salud mental de los pacientes.<\/p>\n\n\n\n<h2 class=\"wp-block-heading\"><strong>C\u00f3mo la salud y la est\u00e9tica dental influyen en la autoestima<\/strong><\/h2>\n\n\n\n<p>En los \u00faltimos a\u00f1os aument\u00f3 de forma sustancial la demanda de tratamientos cosm\u00e9ticos que devuelven la armon\u00eda de la sonrisa, como el <a href=\"https:\/\/www.sorrisoideal.com.br\/clareamento-dental-laser-antes-depois\"><strong>blanqueamiento dental<\/strong><\/a>.&nbsp;<\/p>\n\n\n\n<p>Este fen\u00f3meno se relaciona con la importancia que la sonrisa tiene en las interacciones sociales y en la calidad de vida.<\/p>\n\n\n\n<p>A medida que creci\u00f3 la exposici\u00f3n en redes sociales y la apariencia se volvi\u00f3 m\u00e1s relevante, se hizo evidente el impacto de los problemas bucales al sonre\u00edr o hablar en p\u00fablico.<\/p>\n\n\n\n<p>La falta de dientes o un espaciamiento inadecuado no solo afectan la masticaci\u00f3n, la higiene y la fonaci\u00f3n, sino que tambi\u00e9n reducen la seguridad en las interacciones sociales e incluso en las relaciones \u00edntimas.<\/p>\n\n\n\t\t<div data-elementor-type=\"section\" data-elementor-id=\"3414\" class=\"elementor elementor-3414\" data-elementor-post-type=\"elementor_library\">\n\t\t\t\t\t<section class=\"elementor-section elementor-top-section elementor-element elementor-element-bba2a7b elementor-section-boxed elementor-section-height-default elementor-section-height-default\" data-id=\"bba2a7b\" data-element_type=\"section\" data-e-type=\"section\">\n\t\t\t\t\t\t<div class=\"elementor-container elementor-column-gap-default\">\n\t\t\t\t\t<div class=\"elementor-column elementor-col-100 elementor-top-column elementor-element elementor-element-a39b97d\" data-id=\"a39b97d\" data-element_type=\"column\" data-e-type=\"column\">\n\t\t\t<div class=\"elementor-widget-wrap elementor-element-populated\">\n\t\t\t\t\t\t<div class=\"elementor-element elementor-element-7b06e35 elementor-widget elementor-widget-button\" data-id=\"7b06e35\" data-element_type=\"widget\" data-e-type=\"widget\" data-widget_type=\"button.default\">\n\t\t\t\t<div class=\"elementor-widget-container\">\n\t\t\t\t\t\t\t\t\t<div class=\"elementor-button-wrapper\">\n\t\t\t\t\t<a class=\"elementor-button elementor-button-link elementor-size-sm\" href=\"https:\/\/www.biologix.com.br\/es\/paciente\/#busca-centros\" id=\"buscar-centro-credenciado\">\n\t\t\t\t\t\t<span class=\"elementor-button-content-wrapper\">\n\t\t\t\t\t\t\t\t\t<span class=\"elementor-button-text\">Buscar un centro acreditado<\/span>\n\t\t\t\t\t<\/span>\n\t\t\t\t\t<\/a>\n\t\t\t\t<\/div>\n\t\t\t\t\t\t\t\t<\/div>\n\t\t\t\t<\/div>\n\t\t\t\t\t<\/div>\n\t\t<\/div>\n\t\t\t\t\t<\/div>\n\t\t<\/section>\n\t\t\t\t<\/div>\n\t\t\n\n\n\n<p>De esta manera, procedimientos como los <a href=\"https:\/\/www.idealconsulta.com.br\/informacoes\/cirurgia-de-implante-de-dente\"><strong>implantes dentales<\/strong><\/a> no solo resuelven necesidades f\u00edsicas y estructurales, sino que tambi\u00e9n corrigen problemas est\u00e9ticos que repercuten en la productividad, la concentraci\u00f3n y el rendimiento profesional.<\/p>\n\n\n\n<h2 class=\"wp-block-heading\"><strong>Enfermedades bucales que m\u00e1s interfieren en el bienestar general de los pacientes<\/strong><\/h2>\n\n\n\n<p>La boca cumple una funci\u00f3n est\u00e9tica y funcional esencial en el organismo.&nbsp;<\/p>\n\n\n\n<p>De este modo, cualquier alteraci\u00f3n en la cavidad oral repercute en la salud y el bienestar general.<\/p>\n\n\n\n<p>Entre las enfermedades que m\u00e1s afectan la satisfacci\u00f3n con la apariencia y la calidad de vida se encuentran:<\/p>\n\n\n\n<ol class=\"wp-block-list\"><li><strong>Enfermedades de las enc\u00edas<\/strong><\/li><\/ol>\n\n\n\n<p>Incluso quienes usan carillas <a href=\"https:\/\/www.sorrisoideal.com.br\/lente-contato\"><strong>(lentes de contacto dentales)<\/strong><\/a> pueden desarrollar gingivitis o periodontitis. Estas condiciones comprometen los tratamientos est\u00e9ticos y generan un impacto considerable.<\/p>\n\n\n\n<p>Se manifiestan con sangrado, inflamaci\u00f3n, enrojecimiento, pus, retracci\u00f3n gingival, halitosis y dolor.<\/p>\n\n\n\n<p>Su origen suele estar en una higiene deficiente. Sin tratamiento profesional inmediato, pueden evolucionar hacia cuadros m\u00e1s graves que incluso provocan p\u00e9rdida dentaria.<\/p>\n\n\n\n<ol class=\"wp-block-list\" start=\"2\"><li><strong>Problemas en la articulaci\u00f3n temporomandibular (ATM)<\/strong><\/li><\/ol>\n\n\n\n<p>La disfunci\u00f3n de la articulaci\u00f3n temporomandibular (DTM) puede provocar incomodidades al dificultar la apertura y cierre de la boca, adem\u00e1s de generar chasquidos al hablar o mover la mand\u00edbula.<\/p>\n\n\n\n<p>Esta condici\u00f3n es muy com\u00fan en personas con ansiedad, depresi\u00f3n o altos niveles de estr\u00e9s debido a la tensi\u00f3n constante.<\/p>\n\n\n\n<p>El tratamiento puede incluir el uso de <a href=\"https:\/\/www.sorrisolegal.com.br\/aparelho-movel-transparente\"><strong>aparatos removibles<\/strong><\/a> , accesorios ortod\u00f3nticos o placas interoclusales, combinados con acompa\u00f1amiento terap\u00e9utico. Sin embargo, el diagn\u00f3stico suele demorarse.<\/p>\n\n\n\n<ol class=\"wp-block-list\" start=\"3\"><li><strong>Mala oclusi\u00f3n<\/strong><\/li><\/ol>\n\n\n\n<p>La mala oclusi\u00f3n constituye uno de los problemas estructurales m\u00e1s evidentes, ya que consiste en un encaje inadecuado entre la arcada dental superior y la inferior. Esto impide que la mordida coincida y produce una apariencia poco est\u00e9tica en la sonrisa.<\/p>\n\n\n\n<p>Adem\u00e1s, esta alteraci\u00f3n puede generar dificultad para masticar, tragar e incluso respirar.&nbsp;<\/p>\n\n\n\n<p>Por eso, se recomienda un tratamiento con un <a href=\"https:\/\/www.dentalnet.com.br\/aparelho-odontologico-transparente\"><strong>aparato ortod\u00f3ntico<\/strong><\/a>que permita corregir las desalineaciones m\u00e1s complejas y, al mismo tiempo, proporcione una sonrisa m\u00e1s arm\u00f3nica y funcional.<\/p>\n\n\n\n<ol class=\"wp-block-list\" start=\"4\"><li><strong>Caries y formaciones bacterianas<\/strong><\/li><\/ol>\n\n\n\n<p>Las caries, la placa bacteriana y el sarro impactan de forma considerable la autoestima, ya que confieren a los dientes un aspecto desgastado, envejecido y amarillento.<\/p>\n\n\n\n<p>Estas condiciones pueden originarse en problemas emocionales, pero tambi\u00e9n contribuir a ellos.<\/p>\n\n\n\n<p>Quienes padecen ansiedad o depresi\u00f3n suelen descuidar la higiene bucal y modificar sus h\u00e1bitos alimenticios hacia el consumo de comidas m\u00e1s grasas y azucaradas.&nbsp;<\/p>\n\n\n\n<p>Por este motivo, resulta fundamental cuidar la salud de manera integral, promoviendo tanto el bienestar f\u00edsico como la calidad de vida emocional.<\/p>\n\n\n\n<p><em>Contenido desarrollado por el equipo del blog <\/em><a href=\"https:\/\/www.qualividaonline.com.br\"><strong><em>Qualivida Online<\/em><\/strong><\/a><em>,  un sitio web que ofrece informaci\u00f3n variada y contenidos sobre el cuidado de la salud f\u00edsica y mental.<\/em><\/p>","protected":false},"excerpt":{"rendered":"<p>La relaci\u00f3n entre la integridad dental y la salud mental puede ser m\u00e1s profunda de lo que muchos pacientes imaginan. La condici\u00f3n oral influye directamente en la autoestima (...)<\/p>","protected":false},"author":11,"featured_media":5348,"comment_status":"closed","ping_status":"open","sticky":false,"template":"","format":"standard","meta":{"footnotes":""},"categories":[191],"tags":[204,133,149,123,192,21],"class_list":["post-5346","post","type-post","status-publish","format-standard","has-post-thumbnail","hentry","category-convidados","tag-dentes","tag-odontologia","tag-oximetria-noturna","tag-saude","tag-saude-bucal","tag-saude-mental"],"aioseo_notices":[],"_links":{"self":[{"href":"https:\/\/www.biologix.com.br\/es\/wp-json\/wp\/v2\/posts\/5346","targetHints":{"allow":["GET"]}}],"collection":[{"href":"https:\/\/www.biologix.com.br\/es\/wp-json\/wp\/v2\/posts"}],"about":[{"href":"https:\/\/www.biologix.com.br\/es\/wp-json\/wp\/v2\/types\/post"}],"author":[{"embeddable":true,"href":"https:\/\/www.biologix.com.br\/es\/wp-json\/wp\/v2\/users\/11"}],"replies":[{"embeddable":true,"href":"https:\/\/www.biologix.com.br\/es\/wp-json\/wp\/v2\/comments?post=5346"}],"version-history":[{"count":2,"href":"https:\/\/www.biologix.com.br\/es\/wp-json\/wp\/v2\/posts\/5346\/revisions"}],"predecessor-version":[{"id":5376,"href":"https:\/\/www.biologix.com.br\/es\/wp-json\/wp\/v2\/posts\/5346\/revisions\/5376"}],"wp:featuredmedia":[{"embeddable":true,"href":"https:\/\/www.biologix.com.br\/es\/wp-json\/wp\/v2\/media\/5348"}],"wp:attachment":[{"href":"https:\/\/www.biologix.com.br\/es\/wp-json\/wp\/v2\/media?parent=5346"}],"wp:term":[{"taxonomy":"category","embeddable":true,"href":"https:\/\/www.biologix.com.br\/es\/wp-json\/wp\/v2\/categories?post=5346"},{"taxonomy":"post_tag","embeddable":true,"href":"https:\/\/www.biologix.com.br\/es\/wp-json\/wp\/v2\/tags?post=5346"}],"curies":[{"name":"wp","href":"https:\/\/api.w.org\/{rel}","templated":true}]}}