{"id":5349,"date":"2021-07-16T09:17:48","date_gmt":"2021-07-16T12:17:48","guid":{"rendered":"https:\/\/www.biologix.com.br\/?p=5349"},"modified":"2025-08-13T10:00:06","modified_gmt":"2025-08-13T13:00:06","slug":"sono-e-esporte-uma-relacao-fundamental","status":"publish","type":"post","link":"https:\/\/www.biologix.com.br\/es\/2021\/07\/16\/sono-e-esporte-uma-relacao-fundamental\/","title":{"rendered":"Sono e esporte, uma rela\u00e7\u00e3o fundamental<br><span class='secondary-title'>A import\u00e2ncia do sono para atletas de alta performance<\/span>"},"content":{"rendered":"<div data-elementor-type=\"wp-post\" data-elementor-id=\"5349\" class=\"elementor elementor-5349\" data-elementor-post-type=\"post\">\n\t\t\t\t<div class=\"elementor-element elementor-element-39cb715d e-flex e-con-boxed e-con e-parent\" data-id=\"39cb715d\" data-element_type=\"container\" data-e-type=\"container\">\n\t\t\t\t\t<div class=\"e-con-inner\">\n\t\t\t\t<div class=\"elementor-element elementor-element-5d50c912 elementor-widget elementor-widget-text-editor\" data-id=\"5d50c912\" data-element_type=\"widget\" data-e-type=\"widget\" data-widget_type=\"text-editor.default\">\n\t\t\t\t<div class=\"elementor-widget-container\">\n\t\t\t\t\t\t\t\t\t<p><\/p>\n<p>Vamos l\u00e1 &#8211; voc\u00ea \u00e9 um atleta de nata\u00e7\u00e3o de alto rendimento pronto para embarcar para o maior evento esportivo do mundo \u2013 Olimp\u00edadas de T\u00f3quio, em 2021.<\/p>\n<p><\/p>\n<p><\/p><\/div><\/div><\/div><\/div><\/div> <a href=\"https:\/\/www.biologix.com.br\/es\/2021\/07\/16\/sono-e-esporte-uma-relacao-fundamental\/#more-5349\" class=\"more-link elementor-more-link\"><span aria-label=\"Sigue leyendo Sono e esporte, uma rela\u00e7\u00e3o fundamentalA import\u00e2ncia do sono para atletas de alta performance\">(m\u00e1s&hellip;)<\/span><\/a>","protected":false},"excerpt":{"rendered":"<p>Vamos l\u00e1 &#8211; voc\u00ea \u00e9 um atleta de nata\u00e7\u00e3o de alto rendimento pronto para embarcar para o maior evento esportivo do mundo \u2013 Olimp\u00edadas de&hellip;<\/p>","protected":false},"author":11,"featured_media":11619,"comment_status":"closed","ping_status":"open","sticky":false,"template":"","format":"standard","meta":{"footnotes":""},"categories":[13,12],"tags":[58,205,206,156,9],"class_list":["post-5349","post","type-post","status-publish","format-standard","has-post-thumbnail","hentry","category-odontologia","category-profissional-de-saude","tag-aos-2","tag-esporte","tag-oxigenio","tag-problemas-respiratorios","tag-sono"],"aioseo_notices":[],"_links":{"self":[{"href":"https:\/\/www.biologix.com.br\/es\/wp-json\/wp\/v2\/posts\/5349","targetHints":{"allow":["GET"]}}],"collection":[{"href":"https:\/\/www.biologix.com.br\/es\/wp-json\/wp\/v2\/posts"}],"about":[{"href":"https:\/\/www.biologix.com.br\/es\/wp-json\/wp\/v2\/types\/post"}],"author":[{"embeddable":true,"href":"https:\/\/www.biologix.com.br\/es\/wp-json\/wp\/v2\/users\/11"}],"replies":[{"embeddable":true,"href":"https:\/\/www.biologix.com.br\/es\/wp-json\/wp\/v2\/comments?post=5349"}],"version-history":[{"count":19,"href":"https:\/\/www.biologix.com.br\/es\/wp-json\/wp\/v2\/posts\/5349\/revisions"}],"predecessor-version":[{"id":13720,"href":"https:\/\/www.biologix.com.br\/es\/wp-json\/wp\/v2\/posts\/5349\/revisions\/13720"}],"wp:featuredmedia":[{"embeddable":true,"href":"https:\/\/www.biologix.com.br\/es\/wp-json\/wp\/v2\/media\/11619"}],"wp:attachment":[{"href":"https:\/\/www.biologix.com.br\/es\/wp-json\/wp\/v2\/media?parent=5349"}],"wp:term":[{"taxonomy":"category","embeddable":true,"href":"https:\/\/www.biologix.com.br\/es\/wp-json\/wp\/v2\/categories?post=5349"},{"taxonomy":"post_tag","embeddable":true,"href":"https:\/\/www.biologix.com.br\/es\/wp-json\/wp\/v2\/tags?post=5349"}],"curies":[{"name":"wp","href":"https:\/\/api.w.org\/{rel}","templated":true}]}}