{"id":5746,"date":"2021-12-03T17:49:55","date_gmt":"2021-12-03T20:49:55","guid":{"rendered":"https:\/\/www.biologix.com.br\/?p=5746"},"modified":"2025-08-12T14:18:46","modified_gmt":"2025-08-12T17:18:46","slug":"a-apneia-do-sono-piora-as-doencas-cardiacas-na-maioria-das-vezes-nao-tratada","status":"publish","type":"post","link":"https:\/\/www.biologix.com.br\/es\/2021\/12\/03\/a-apneia-do-sono-piora-as-doencas-cardiacas-na-maioria-das-vezes-nao-tratada\/","title":{"rendered":"La apnea del sue\u00f1o empeora las enfermedades cardiovasculares, pero en la mayor\u00eda de los casos no se trata<br><span class='secondary-title'>Inf\u00f3rmese sobre la declaraci\u00f3n de la Asociaci\u00f3n Estadounidense del Coraz\u00f3n<\/span>"},"content":{"rendered":"<div data-elementor-type=\"wp-post\" data-elementor-id=\"5746\" class=\"elementor elementor-5746\" data-elementor-post-type=\"post\">\n\t\t\t\t<div class=\"elementor-element elementor-element-53e8998a e-flex e-con-boxed e-con e-parent\" data-id=\"53e8998a\" data-element_type=\"container\" data-e-type=\"container\">\n\t\t\t\t\t<div class=\"e-con-inner\">\n\t\t\t\t<div class=\"elementor-element elementor-element-5047b2f1 elementor-widget elementor-widget-text-editor\" data-id=\"5047b2f1\" data-element_type=\"widget\" data-e-type=\"widget\" data-widget_type=\"text-editor.default\">\n\t\t\t\t<div class=\"elementor-widget-container\">\n\t\t\t\t\t\t\t\t\t\n<p><strong><a href=\"https:\/\/www.biologix.com.br\/es\/2020\/08\/19\/a-importancia-da-investigacao-de-apneia-do-sono-para-o-cardiologista\/\" target=\"_blank\" rel=\"noreferrer noopener\">La apnea obstructiva del sue\u00f1o (AOS) afecta entre el 40% y el 80% de las personas con enfermedades cardiovasculares.<\/a><\/strong> Sin embargo, seg\u00fan la <em>Asociaci\u00f3n Estadounidense del Coraz\u00f3n<\/em>(AHA, por sus siglas en ingl\u00e9s), sigue siendo poco reconocida y tratada. Esta condici\u00f3n ocurre cuando se obstruyen las v\u00edas respiratorias superiores, lo que interrumpe repetidamente la respiraci\u00f3n durante el sue\u00f1o. Sus s\u00edntomas incluyen ronquido, pausas respiratorias, fragmentaci\u00f3n del sue\u00f1o y somnolencia diurna. Se estima que el 34 % de los hombres y el 17 % de las mujeres de mediana edad cumplen con los criterios diagn\u00f3sticos para AOS.<\/p>\n\n<p><\/p><\/div><\/div><\/div><\/div><\/div> <a href=\"https:\/\/www.biologix.com.br\/es\/2021\/12\/03\/a-apneia-do-sono-piora-as-doencas-cardiacas-na-maioria-das-vezes-nao-tratada\/#more-5746\" class=\"more-link elementor-more-link\"><span aria-label=\"Sigue leyendo A apneia do sono piora as doen\u00e7as cardiovasculares, na maioria das vezes n\u00e3o tratadasConfira a declara\u00e7\u00e3o cient\u00edfica da American Heart Association\">(m\u00e1s&hellip;)<\/span><\/a>","protected":false},"excerpt":{"rendered":"<p>A apneia obstrutiva do sono (AOS) ocorre em 40% a 80% das pessoas com doen\u00e7as cardiovasculares, mas \u00e9 pouco reconhecida e tratada, de acordo com&hellip;<\/p>","protected":false},"author":11,"featured_media":11520,"comment_status":"closed","ping_status":"open","sticky":true,"template":"","format":"standard","meta":{"footnotes":""},"categories":[138,12],"tags":[5,59,55,6,214,88,212,211,167,213],"class_list":["post-5746","post","type-post","status-publish","format-standard","has-post-thumbnail","hentry","category-cardiologia","category-profissional-de-saude","tag-apneia-do-sono","tag-arritmia","tag-avc-2","tag-cpap","tag-doencas-cardiovasculares","tag-exame-do-sono","tag-infarto","tag-insuficiencia-cardiaca","tag-obesidade-2","tag-privacao-de-sono"],"aioseo_notices":[],"_links":{"self":[{"href":"https:\/\/www.biologix.com.br\/es\/wp-json\/wp\/v2\/posts\/5746","targetHints":{"allow":["GET"]}}],"collection":[{"href":"https:\/\/www.biologix.com.br\/es\/wp-json\/wp\/v2\/posts"}],"about":[{"href":"https:\/\/www.biologix.com.br\/es\/wp-json\/wp\/v2\/types\/post"}],"author":[{"embeddable":true,"href":"https:\/\/www.biologix.com.br\/es\/wp-json\/wp\/v2\/users\/11"}],"replies":[{"embeddable":true,"href":"https:\/\/www.biologix.com.br\/es\/wp-json\/wp\/v2\/comments?post=5746"}],"version-history":[{"count":21,"href":"https:\/\/www.biologix.com.br\/es\/wp-json\/wp\/v2\/posts\/5746\/revisions"}],"predecessor-version":[{"id":13678,"href":"https:\/\/www.biologix.com.br\/es\/wp-json\/wp\/v2\/posts\/5746\/revisions\/13678"}],"wp:featuredmedia":[{"embeddable":true,"href":"https:\/\/www.biologix.com.br\/es\/wp-json\/wp\/v2\/media\/11520"}],"wp:attachment":[{"href":"https:\/\/www.biologix.com.br\/es\/wp-json\/wp\/v2\/media?parent=5746"}],"wp:term":[{"taxonomy":"category","embeddable":true,"href":"https:\/\/www.biologix.com.br\/es\/wp-json\/wp\/v2\/categories?post=5746"},{"taxonomy":"post_tag","embeddable":true,"href":"https:\/\/www.biologix.com.br\/es\/wp-json\/wp\/v2\/tags?post=5746"}],"curies":[{"name":"wp","href":"https:\/\/api.w.org\/{rel}","templated":true}]}}