{"id":6888,"date":"2022-04-18T18:19:24","date_gmt":"2022-04-18T21:19:24","guid":{"rendered":"https:\/\/www.biologix.com.br\/?p=6888"},"modified":"2025-01-03T17:26:45","modified_gmt":"2025-01-03T20:26:45","slug":"como-a-apneia-do-sono-causa-doencas-periodontais","status":"publish","type":"post","link":"https:\/\/www.biologix.com.br\/es\/2022\/04\/18\/como-a-apneia-do-sono-causa-doencas-periodontais\/","title":{"rendered":"\u00bfC\u00f3mo la apnea del sue\u00f1o puede causar enfermedades periodontales?<br><span class='secondary-title'>Entienda c\u00f3mo la apnea del sue\u00f1o puede afectar a la salud bucal<\/span>"},"content":{"rendered":"<p>La apnea obstructiva del sue\u00f1o (AOS), tambi\u00e9n llamado <strong>apnea del sue\u00f1o <\/strong>o apnea nocturna, es un trastorno que provoca pausas moment\u00e1neas en la respiraci\u00f3n de al menos diez segundos durante la noche.<\/p>\n\n\n\n<!--more-->\n\n\n\n<p>En algunos casos se presenta con respiraci\u00f3n superficial, conocida como hipopnea.<\/p>\n\n\n\n<p>Aunque no se relacione con la boca, quienes sufren apnea tambi\u00e9n deben acudir a una <a href=\"https:\/\/www.idealconsulta.com.br\/informacoes\/clinica-odontologica\"><strong>cl\u00ednica odontol\u00f3gica.<\/strong><\/a>.<\/p>\n\n\n\n<p>Esta enfermedad cr\u00f3nica afecta a aproximadamente al 30% de la poblaci\u00f3n adulta mundial. Sin embargo, entre un 85% y un 90% de los afectados nunca recibe diagn\u00f3stico ni tratamiento.<\/p>\n\n\n\n<p>La apnea nocturna puede originarse por la relajaci\u00f3n excesiva de los m\u00fasculos de la garganta y de la lengua, por exceso de peso o por el aumento de tama\u00f1o de am\u00edgdalas y adenoides. Estos factores obstruyen la garganta e interrumpen el paso de aire hacia los pulmones.<\/p>\n\n\n\t\t<div data-elementor-type=\"section\" data-elementor-id=\"3430\" class=\"elementor elementor-3430\" data-elementor-post-type=\"elementor_library\">\n\t\t\t\t\t<section class=\"elementor-section elementor-top-section elementor-element elementor-element-0aae773 elementor-section-boxed elementor-section-height-default elementor-section-height-default\" data-id=\"0aae773\" data-element_type=\"section\" data-e-type=\"section\">\n\t\t\t\t\t\t<div class=\"elementor-container elementor-column-gap-default\">\n\t\t\t\t\t<div class=\"elementor-column elementor-col-100 elementor-top-column elementor-element elementor-element-15740c0\" data-id=\"15740c0\" data-element_type=\"column\" data-e-type=\"column\">\n\t\t\t<div class=\"elementor-widget-wrap elementor-element-populated\">\n\t\t\t\t\t\t<section class=\"elementor-section elementor-inner-section elementor-element elementor-element-c9165c4 elementor-section-boxed elementor-section-height-default elementor-section-height-default\" data-id=\"c9165c4\" data-element_type=\"section\" data-e-type=\"section\">\n\t\t\t\t\t\t<div class=\"elementor-container elementor-column-gap-default\">\n\t\t\t\t\t<div class=\"elementor-column elementor-col-50 elementor-inner-column elementor-element elementor-element-55d21cc\" data-id=\"55d21cc\" data-element_type=\"column\" data-e-type=\"column\">\n\t\t\t<div class=\"elementor-widget-wrap elementor-element-populated\">\n\t\t\t\t\t\t<div class=\"elementor-element elementor-element-0180177 elementor-align-justify elementor-widget elementor-widget-button\" data-id=\"0180177\" data-element_type=\"widget\" data-e-type=\"widget\" data-widget_type=\"button.default\">\n\t\t\t\t<div class=\"elementor-widget-container\">\n\t\t\t\t\t\t\t\t\t<div class=\"elementor-button-wrapper\">\n\t\t\t\t\t<a class=\"elementor-button elementor-button-link elementor-size-sm\" href=\"https:\/\/api.whatsapp.com\/send\/?phone=5511963746007&#038;text=Ol%C3%A1%21+Sou+profissional+de+sa%C3%BAde+e+tenho+interesse+em+saber+mais+sobre+como+posso+me+tornar+um+centro+credenciado+Biologix.&#038;type=phone_number&#038;app_absent=0\">\n\t\t\t\t\t\t<span class=\"elementor-button-content-wrapper\">\n\t\t\t\t\t\t\t\t\t<span class=\"elementor-button-text\">Entre en contacto con un asesor<\/span>\n\t\t\t\t\t<\/span>\n\t\t\t\t\t<\/a>\n\t\t\t\t<\/div>\n\t\t\t\t\t\t\t\t<\/div>\n\t\t\t\t<\/div>\n\t\t\t\t\t<\/div>\n\t\t<\/div>\n\t\t\t\t<div class=\"elementor-column elementor-col-50 elementor-inner-column elementor-element elementor-element-4bb7811\" data-id=\"4bb7811\" data-element_type=\"column\" data-e-type=\"column\">\n\t\t\t<div class=\"elementor-widget-wrap elementor-element-populated\">\n\t\t\t\t\t\t<div class=\"elementor-element elementor-element-be95e67 elementor-align-justify elementor-widget elementor-widget-button\" data-id=\"be95e67\" data-element_type=\"widget\" data-e-type=\"widget\" data-widget_type=\"button.default\">\n\t\t\t\t<div class=\"elementor-widget-container\">\n\t\t\t\t\t\t\t\t\t<div class=\"elementor-button-wrapper\">\n\t\t\t\t\t<a class=\"elementor-button elementor-button-link elementor-size-sm\" href=\"https:\/\/www.biologix.com.br\/es\/todos-os-conteudos\/\">\n\t\t\t\t\t\t<span class=\"elementor-button-content-wrapper\">\n\t\t\t\t\t\t\t\t\t<span class=\"elementor-button-text\">Contenidos relacionados<\/span>\n\t\t\t\t\t<\/span>\n\t\t\t\t\t<\/a>\n\t\t\t\t<\/div>\n\t\t\t\t\t\t\t\t<\/div>\n\t\t\t\t<\/div>\n\t\t\t\t\t<\/div>\n\t\t<\/div>\n\t\t\t\t\t<\/div>\n\t\t<\/section>\n\t\t\t\t\t<\/div>\n\t\t<\/div>\n\t\t\t\t\t<\/div>\n\t\t<\/section>\n\t\t\t\t<\/div>\n\t\t\n\n\n\n<h2 class=\"wp-block-heading\">Principales s\u00edntomas de la apnea del sue\u00f1o<\/h2>\n\n\n\n<p>La apnea del sue\u00f1o incluye una amplia variedad de s\u00edntomas. Algunos se relacionan con la  mala calidad de descanso y suelen notarse al despertar:<\/p>\n\n\n\n<ul class=\"wp-block-list\">\n<li>Sensaci\u00f3n de sofoco<\/li>\n\n\n\n<li>Despertares con falta de aire<\/li>\n\n\n\n<li>Dolor en el pecho<\/li>\n\n\n\n<li>Confusi\u00f3n o desorientaci\u00f3n<\/li>\n\n\n\n<li>Dolor de cabeza<\/li>\n\n\n\n<li>Boca seca<\/li>\n\n\n\n<li>Dolor de garganta<\/li>\n<\/ul>\n\n\n\n<p>Otros s\u00edntomas aparecen durante el d\u00eda a d\u00eda o durante el sue\u00f1o:<\/p>\n\n\n\n<ul class=\"wp-block-list\">\n<li>Ronquido fuerte<\/li>\n\n\n\n<li>Somnolencia diurna.<\/li>\n\n\n\n<li>Alteraciones de personalidad<\/li>\n\n\n\n<li>Irritabilidad<\/li>\n\n\n\n<li>Dificultad de concentraci\u00f3n<\/li>\n\n\n\n<li>Disfunci\u00f3n sexual<\/li>\n<\/ul>\n\n\n\n<p>Para diagnosticar la enfermedad, se requiere un seguimiento mediante polisomnograf\u00eda, un examen que registra la actividad del sue\u00f1o con un dispositivo electr\u00f3nico especializado.<\/p>\n\n\n\t\t<div data-elementor-type=\"section\" data-elementor-id=\"587\" class=\"elementor elementor-587\" data-elementor-post-type=\"elementor_library\">\n\t\t\t\t\t<section class=\"elementor-section elementor-top-section elementor-element elementor-element-4d0649a elementor-section-boxed elementor-section-height-default elementor-section-height-default\" data-id=\"4d0649a\" data-element_type=\"section\" data-e-type=\"section\">\n\t\t\t\t\t\t<div class=\"elementor-container elementor-column-gap-default\">\n\t\t\t\t\t<div class=\"elementor-column elementor-col-100 elementor-top-column elementor-element elementor-element-9d36ab1\" data-id=\"9d36ab1\" data-element_type=\"column\" data-e-type=\"column\">\n\t\t\t<div class=\"elementor-widget-wrap elementor-element-populated\">\n\t\t\t\t\t\t<div class=\"elementor-element elementor-element-c0177f3 elementor-widget elementor-widget-html\" data-id=\"c0177f3\" data-element_type=\"widget\" data-e-type=\"widget\" data-widget_type=\"html.default\">\n\t\t\t\t<div class=\"elementor-widget-container\">\n\t\t\t\t\t<div role=\"main\" id=\"site-inscricao-receber-conteudo-66a2c8b9048f99353f18\"><\/div><script type=\"text\/javascript\" src=\"https:\/\/d335luupugsy2.cloudfront.net\/js\/rdstation-forms\/stable\/rdstation-forms.min.js\"><\/script><script type=\"text\/javascript\"> new RDStationForms('site-inscricao-receber-conteudo-66a2c8b9048f99353f18', 'UA-128422573-1').createForm();<\/script>\t\t\t\t<\/div>\n\t\t\t\t<\/div>\n\t\t\t\t\t<\/div>\n\t\t<\/div>\n\t\t\t\t\t<\/div>\n\t\t<\/section>\n\t\t\t\t<\/div>\n\t\t\n\n\n\n<h2 class=\"wp-block-heading\">\u00bfC\u00f3mo la apnea del sue\u00f1o puede afectar la salud bucal?<\/h2>\n\n\n\n<p>La apnea impacta de forma significativa la vida diaria y aumenta el riesgo de hipertensi\u00f3n arterial y otros trastornos. Adem\u00e1s, un sue\u00f1o superficial reduce el vigor y la energ\u00eda necesarios para el d\u00eda a d\u00eda.<\/p>\n\n\n\n<p>En lo que respecta a la salud bucal, los principales problemas surgen porque muchas personas con apnea del sue\u00f1o duermen con la boca abierta.  Por eso, resulta visitar al <a href=\"https:\/\/www.idealconsulta.com.br\/informacoes\/clinica-odontologica\"><strong>odont\u00f3logo<\/strong><\/a> para prevenir complicaciones.<\/p>\n\n\n\n<p>Mantener la boca abierta durante el sue\u00f1o disminuye el flujo de saliva y reseca los tejidos blandos de la cavidad bucal. Esta sequedad, crea un ambiente favorable para la proliferaci\u00f3n de virus y bacterias en esas \u00e1reas.<\/p>\n\n\n\n<p>Cuando las bacterias se instalan en las am\u00edgdalas, pueden provocar amigdalitis que, sin tratamiento, evoluciona hacia una periodontitis grave.<\/p>\n\n\n\n<p>En esos casos, busque atenci\u00f3n odontol\u00f3gica inmediata, incluso en un servicio de <a href=\"https:\/\/www.idealconsulta.com.br\/informacoes\/dentista-24-horas\"><strong>guardia 24 horas<\/strong><\/a>. Si se descuida, la infecci\u00f3n puede expandirse a regiones cercanas y comprometer el hueso maxilar.<\/p>\n\n\n\n<p>La periodontitis tambi\u00e9n aumenta el riesgo de enfermedades card\u00edacas y pulmonares, adem\u00e1s de provocar la p\u00e9rdida de piezas dentales en la zona afectada. Si esto ocurre, ser\u00e1 necesario acudir a una <a href=\"https:\/\/www.idealconsulta.com.br\/informacoes\/especialista-protese-dentaria\"><strong>cl\u00ednica especializada en pr\u00f3tesis dentales.<\/strong><\/a>.<\/p>\n\n\n\n<p>La buena noticia es que puede prevenirse. Preste atenci\u00f3n prioritaria a su salud bucal, sobre todo si padece de apnea del sue\u00f1o.<\/p>\n\n\n\n<p>Mantener una correcta higiene bucal requiere cepillarse los dientes al menos tres veces al d\u00eda y\nusar hilo dental una vez al d\u00eda, preferiblemente antes de dormir en el caso de que no quiera buscar un <a href=\"https:\/\/www.idealconsulta.com.br\/informacoes\/especialista-protese-dentaria\"><strong>especialista en pr\u00f3tesis dental<\/strong><\/a>.<\/p>\n\n\n\t\t<div data-elementor-type=\"section\" data-elementor-id=\"3414\" class=\"elementor elementor-3414\" data-elementor-post-type=\"elementor_library\">\n\t\t\t\t\t<section class=\"elementor-section elementor-top-section elementor-element elementor-element-bba2a7b elementor-section-boxed elementor-section-height-default elementor-section-height-default\" data-id=\"bba2a7b\" data-element_type=\"section\" data-e-type=\"section\">\n\t\t\t\t\t\t<div class=\"elementor-container elementor-column-gap-default\">\n\t\t\t\t\t<div class=\"elementor-column elementor-col-100 elementor-top-column elementor-element elementor-element-a39b97d\" data-id=\"a39b97d\" data-element_type=\"column\" data-e-type=\"column\">\n\t\t\t<div class=\"elementor-widget-wrap elementor-element-populated\">\n\t\t\t\t\t\t<div class=\"elementor-element elementor-element-7b06e35 elementor-widget elementor-widget-button\" data-id=\"7b06e35\" data-element_type=\"widget\" data-e-type=\"widget\" data-widget_type=\"button.default\">\n\t\t\t\t<div class=\"elementor-widget-container\">\n\t\t\t\t\t\t\t\t\t<div class=\"elementor-button-wrapper\">\n\t\t\t\t\t<a class=\"elementor-button elementor-button-link elementor-size-sm\" href=\"https:\/\/www.biologix.com.br\/es\/paciente\/#busca-centros\" id=\"buscar-centro-credenciado\">\n\t\t\t\t\t\t<span class=\"elementor-button-content-wrapper\">\n\t\t\t\t\t\t\t\t\t<span class=\"elementor-button-text\">Buscar un centro acreditado<\/span>\n\t\t\t\t\t<\/span>\n\t\t\t\t\t<\/a>\n\t\t\t\t<\/div>\n\t\t\t\t\t\t\t\t<\/div>\n\t\t\t\t<\/div>\n\t\t\t\t\t<\/div>\n\t\t<\/div>\n\t\t\t\t\t<\/div>\n\t\t<\/section>\n\t\t\t\t<\/div>\n\t\t\n\n\n\n<h2 class=\"wp-block-heading\">\u00bfC\u00f3mo tratar la apnea del sue\u00f1o?<\/h2>\n\n\n\n<p>Algunos cambios de h\u00e1bito contribuyen a disminuir la apnea. Actitudes como evitar bebidas alcoh\u00f3licas, tabaco y comidas pesadas antes de acostarse, dormir de costado y elevar la cabecera de la cama entre 15 y 20 cent\u00edmetros puede traer resultados.<\/p>\n\n\n\n<p>En determinados casos, los m\u00e9dicos pueden recomendar soluciones quir\u00fargicas, sobre todo cuando existen am\u00edgdalas o adenoides grandes. Sin embargo, no todos los pacientes responden a esta opci\u00f3n.<\/p>\n\n\n\n<p>Otra alternativa consiste en utilizar aparatos intraorales que mantienen despejadas las v\u00edas respiratorias durante el sue\u00f1o. Si la dentadura lo permite, los aparatos de avance mandibular resultas eficaces.<\/p>\n\n\n\n<p>Cuando no existe una dentadura completa que permita el encaje correcto, se pueden emplear dispositivos retenedores de lengua que cumplen la misma funci\u00f3n.<\/p>\n\n\n\n<p>La apnea es una enfermedad que afecta m\u00faltiples aspectos de la vida, por lo que resulta esencial iniciar un tratamiento.<\/p>\n\n\n\n<p>Incluso cuando el paciente necesita aparatos, se recomienda modificar h\u00e1bitos, ya que las crisis tienden a reducirse con el tiempo, lo que en algunos casos permite suspender el uso de los dispositivos.<\/p>\n\n\n\n<p><\/p>\n\n\n\n<p><em>Contenido desarrollado por el equipo de <\/em><a href=\"https:\/\/statusfitcenter.com.br\/\"><strong><em>Status Fit Center<\/em><\/strong><\/a><em>, blog creado con la finalidad de promover salud y bienestar mediante contenidos que refuerzan la importancia de los cuidados regulares.<\/em><\/p>","protected":false},"excerpt":{"rendered":"<p>El s\u00edndrome de apnea obstructiva del sue\u00f1o (AOS), tambi\u00e9n llamado apnea del sue\u00f1o o apnea nocturna, es un trastorno que (...)<\/p>","protected":false},"author":11,"featured_media":6895,"comment_status":"closed","ping_status":"open","sticky":false,"template":"","format":"standard","meta":{"footnotes":""},"categories":[191],"tags":[23,5,219,192,9,86],"class_list":["post-6888","post","type-post","status-publish","format-standard","has-post-thumbnail","hentry","category-convidados","tag-apneia","tag-apneia-do-sono","tag-dor-de-cabeca","tag-saude-bucal","tag-sono","tag-sonolencia"],"aioseo_notices":[],"_links":{"self":[{"href":"https:\/\/www.biologix.com.br\/es\/wp-json\/wp\/v2\/posts\/6888","targetHints":{"allow":["GET"]}}],"collection":[{"href":"https:\/\/www.biologix.com.br\/es\/wp-json\/wp\/v2\/posts"}],"about":[{"href":"https:\/\/www.biologix.com.br\/es\/wp-json\/wp\/v2\/types\/post"}],"author":[{"embeddable":true,"href":"https:\/\/www.biologix.com.br\/es\/wp-json\/wp\/v2\/users\/11"}],"replies":[{"embeddable":true,"href":"https:\/\/www.biologix.com.br\/es\/wp-json\/wp\/v2\/comments?post=6888"}],"version-history":[{"count":4,"href":"https:\/\/www.biologix.com.br\/es\/wp-json\/wp\/v2\/posts\/6888\/revisions"}],"predecessor-version":[{"id":13121,"href":"https:\/\/www.biologix.com.br\/es\/wp-json\/wp\/v2\/posts\/6888\/revisions\/13121"}],"wp:featuredmedia":[{"embeddable":true,"href":"https:\/\/www.biologix.com.br\/es\/wp-json\/wp\/v2\/media\/6895"}],"wp:attachment":[{"href":"https:\/\/www.biologix.com.br\/es\/wp-json\/wp\/v2\/media?parent=6888"}],"wp:term":[{"taxonomy":"category","embeddable":true,"href":"https:\/\/www.biologix.com.br\/es\/wp-json\/wp\/v2\/categories?post=6888"},{"taxonomy":"post_tag","embeddable":true,"href":"https:\/\/www.biologix.com.br\/es\/wp-json\/wp\/v2\/tags?post=6888"}],"curies":[{"name":"wp","href":"https:\/\/api.w.org\/{rel}","templated":true}]}}