{"id":8023,"date":"2022-11-11T18:02:58","date_gmt":"2022-11-11T21:02:58","guid":{"rendered":"https:\/\/www.biologix.com.br\/?p=8023"},"modified":"2025-01-03T18:16:08","modified_gmt":"2025-01-03T21:16:08","slug":"diagnostico-de-apneia-do-sono-e-efeitos-da-dessaturacao-de-oxigenio","status":"publish","type":"post","link":"https:\/\/www.biologix.com.br\/es\/2022\/11\/11\/diagnostico-de-apneia-do-sono-e-efeitos-da-dessaturacao-de-oxigenio\/","title":{"rendered":"Diagn\u00f3stico de apnea del sue\u00f1o y efectos de la desaturaci\u00f3n de ox\u00edgeno<br><span class='secondary-title'>Todos los m\u00e9dicos pueden detectar apnea en sus pacientes<\/span>"},"content":{"rendered":"<p>Despertar por la ma\u00f1ana y prepararse para ir al trabajo o la escuela puede ser dif\u00edcil si hay una\nprivaci\u00f3n del sue\u00f1o. Pero, \u00bfy si la causa de una mala noche de sue\u00f1o fuese la respiraci\u00f3n?<\/p>\n\n\n\n<!--more-->\n\n\n\n<p><strong><a href=\"https:\/\/www.biologix.com.br\/es\/ronco\/\" target=\"_blank\" rel=\"noreferrer noopener\">Roncar<\/a><\/strong> puede parecer algo inofensivo (si descartamos el hecho de despertar al compa\u00f1ero o la compa\u00f1era de cama). Sin embargo, el ronquido existe debido a una obstrucci\u00f3n en la garganta\nque ocurre mientras la persona duerme. Si este ronquido es lo bastante fuerte para interrumpir la respiraci\u00f3n durante unos segundos, entonces pasa a convertirse en su variante m\u00e1s cercana: la apnea del sue\u00f1o. Esta condici\u00f3n m\u00e9dica cr\u00f3nica y potencialmente grave es uno de los trastornos del sue\u00f1o m\u00e1s comunes.<\/p>\n\n\n\t\t<div data-elementor-type=\"section\" data-elementor-id=\"5049\" class=\"elementor elementor-5049\" data-elementor-post-type=\"elementor_library\">\n\t\t\t\t\t<section class=\"elementor-section elementor-top-section elementor-element elementor-element-a5b9e3d elementor-section-boxed elementor-section-height-default elementor-section-height-default\" data-id=\"a5b9e3d\" data-element_type=\"section\" data-e-type=\"section\">\n\t\t\t\t\t\t<div class=\"elementor-container elementor-column-gap-default\">\n\t\t\t\t\t<div class=\"elementor-column elementor-col-100 elementor-top-column elementor-element elementor-element-3525ca6\" data-id=\"3525ca6\" data-element_type=\"column\" data-e-type=\"column\">\n\t\t\t<div class=\"elementor-widget-wrap\">\n\t\t\t\t\t\t\t<\/div>\n\t\t<\/div>\n\t\t\t\t\t<\/div>\n\t\t<\/section>\n\t\t\t\t<\/div>\n\t\t\n\n\n\n<p><a href=\"https:\/\/www.biologix.com.br\/es\/2021\/04\/28\/a-importancia-de-realizar-o-monitoramento-de-spo2-varias-noites-para-diagnostico-de-apneia-do-sono\/\" target=\"_blank\" rel=\"noreferrer noopener\"><strong>Aquella persona que padece apnea del sue\u00f1o<\/strong><\/a> puede dejar de respirar varias veces por hora. Esta pausa puede durar entre diez segundos o m\u00e1s. En consecuencia, los niveles de ox\u00edgeno en sangre bajan y, cuando el cerebro percibe esto, reacciona y despierta a la persona del sue\u00f1o profundo para que vuelva a respirar.<\/p>\n\n\n\n<p><strong><a href=\"https:\/\/www.biologix.com.br\/es\/2020\/09\/28\/seis-meses-de-pandemia-ronco-apneia-e-disturbios-do-sono-mais-evidentes\/\" target=\"_blank\" rel=\"noreferrer noopener\">Los efectos de la apnea del sue\u00f1o<\/a><\/strong> o pueden causar y empeorar otras condiciones m\u00e9dicas, como la hipertensi\u00f3n y la diabetes. Con el tiempo, este trastorno puede contribuir al riesgo de consecuencias graves, como un ataque card\u00edaco o insuficiencia card\u00edaca, accidente cerebrovascular y muerte s\u00fabita.<\/p>\n\n\n\n<p>Uno de los par\u00e1metros m\u00e1s importantes es el nivel de ox\u00edgeno en sangre que la persona tiene\ndurante las diferentes etapas del sue\u00f1o. Se le llama desaturaci\u00f3n de ox\u00edgeno cuando dicho nivel est\u00e1 por debajo de la media que el cuerpo necesita para funcionar normalmente. Estos valores no solo sirven para indicarle al m\u00e9dico la gravedad de la apnea obstructiva del sue\u00f1o, sino tambi\u00e9n para alertar sobre futuros problemas de salud.&nbsp;<\/p>\n\n\n\n<p>La apnea obstructiva del sue\u00f1o y sus repetidos intervalos en la respiraci\u00f3n causan que los niveles\nde ox\u00edgeno en sangre se desplomen un 3% o m\u00e1s y que, en consecuencia, el\/la paciente sufra de\nuna desaturaci\u00f3n de ox\u00edgeno. No obstante, la preocupaci\u00f3n principal recae en el momento\ncuando el nivel cae por debajo de 90%, y sobre todo cuando desciende m\u00e1s all\u00e1 del 80%.&nbsp;<\/p>\n\n\n\t\t<div data-elementor-type=\"section\" data-elementor-id=\"3414\" class=\"elementor elementor-3414\" data-elementor-post-type=\"elementor_library\">\n\t\t\t\t\t<section class=\"elementor-section elementor-top-section elementor-element elementor-element-bba2a7b elementor-section-boxed elementor-section-height-default elementor-section-height-default\" data-id=\"bba2a7b\" data-element_type=\"section\" data-e-type=\"section\">\n\t\t\t\t\t\t<div class=\"elementor-container elementor-column-gap-default\">\n\t\t\t\t\t<div class=\"elementor-column elementor-col-100 elementor-top-column elementor-element elementor-element-a39b97d\" data-id=\"a39b97d\" data-element_type=\"column\" data-e-type=\"column\">\n\t\t\t<div class=\"elementor-widget-wrap elementor-element-populated\">\n\t\t\t\t\t\t<div class=\"elementor-element elementor-element-7b06e35 elementor-widget elementor-widget-button\" data-id=\"7b06e35\" data-element_type=\"widget\" data-e-type=\"widget\" data-widget_type=\"button.default\">\n\t\t\t\t<div class=\"elementor-widget-container\">\n\t\t\t\t\t\t\t\t\t<div class=\"elementor-button-wrapper\">\n\t\t\t\t\t<a class=\"elementor-button elementor-button-link elementor-size-sm\" href=\"https:\/\/www.biologix.com.br\/es\/paciente\/#busca-centros\" id=\"buscar-centro-credenciado\">\n\t\t\t\t\t\t<span class=\"elementor-button-content-wrapper\">\n\t\t\t\t\t\t\t\t\t<span class=\"elementor-button-text\">Buscar un centro acreditado<\/span>\n\t\t\t\t\t<\/span>\n\t\t\t\t\t<\/a>\n\t\t\t\t<\/div>\n\t\t\t\t\t\t\t\t<\/div>\n\t\t\t\t<\/div>\n\t\t\t\t\t<\/div>\n\t\t<\/div>\n\t\t\t\t\t<\/div>\n\t\t<\/section>\n\t\t\t\t<\/div>\n\t\t\n\n\n\n<p>La gravedad de la apnea obstructiva del sue\u00f1o se mide a trav\u00e9s de: los niveles de ox\u00edgeno en sangre; la frecuencia y el tiempo en el cual se interrumpe la respiraci\u00f3n; y la cantidad de flujo de aire que se reduce. Por lo general, cuanto m\u00e1s duradera es la interrupci\u00f3n, mayor ser\u00e1 la ca\u00edda de ox\u00edgeno.<\/p>\n\n\n\n<h2 class=\"wp-block-heading\">La importancia del diagn\u00f3stico de apnea del sue\u00f1o<\/h2>\n\n\n\n<p><a href=\"https:\/\/www.biologix.com.br\/es\/2020\/08\/26\/todos-os-medicos-agora-podem-detectar-apneia-do-sono-em-seus-pacientes\/\"><strong>En el caso de sospecha de una apnea obstructiva del sue\u00f1o, el m\u00e9dico o la m\u00e9dica<\/strong><\/a>puede recomendar un estudio del sue\u00f1o que debe realizarse durante la noche. Mediante un ox\u00edmetro de dedo para captar la saturaci\u00f3n de ox\u00edgeno y la frecuencia card\u00edaca, la oximetr\u00eda nocturna es uno de los estudios del sue\u00f1o m\u00e1s simples y pr\u00e1cticos. Este proceso se lleva a cabo con un sensor que detecta los cambios en el color de la sangre que pueden sugerir que existe la presencia de desaturaci\u00f3n o p\u00e9rdida de ox\u00edgeno. Con el avance de la tecnolog\u00eda, este tipo de examen simplificado puede presentar una excelente eficacia gracias al uso de algoritmos de inteligencia artificial y validaciones cl\u00ednicas.&nbsp;<\/p>\n\n\n\n<p>La mayor\u00eda de las personas reconoce que duermen mucho mejor en su casa que en un laboratorio del sue\u00f1o. Sin duda, eso es cierto. Por esta raz\u00f3n, el Examen del Sue\u00f1o Biologix\u00ae posee una tecnolog\u00eda que permite la evaluaci\u00f3n domiciliaria de apnea del sue\u00f1o.\u00a0<\/p>\n\n\n\n<p>El Examen del Sue\u00f1o Biologix\u00ae cuenta con la precisi\u00f3n, sensibilidad y especificidad para\ndiagnosticar el ronquido y la apnea del sue\u00f1o (ya sea leve, moderada o grave). Este Examen utiliza par\u00e1metros como la oximetr\u00eda (c\u00e1lculo del \u00edndice de desaturaci\u00f3n de ox\u00edgeno), la frecuencia card\u00edaca, actimetr\u00eda y an\u00e1lisis del ronquido.\u00a0<\/p>\n\n\n\n<p><strong><a href=\"https:\/\/www.biologix.com.br\/es\/2022\/09\/02\/o-sono-desempenha-um-papel-importante-na-saude-do-coracao\/\">La apnea del sue\u00f1o no es algo que deba ignorarse.<\/a><\/strong>Es de suma importancia que cualquier persona que padezca de s\u00edntomas reciba el diagn\u00f3stico y el tratamiento adecuado.&nbsp;&nbsp;&nbsp;<\/p>\n\n\n\n<p>Asimismo, el Examen del Sue\u00f1o Biologix\u00ae se incorpora de forma sencilla dentro de la rutina de\nex\u00e1menes de cualquier consultorio o cl\u00ednica. Por ende, los m\u00e9dicos de cualquier especialidad pueden diagnosticar la apnea del sue\u00f1o.\u00a0<\/p>\n\n\n\n<p><strong>\u00a1Ofrezca a su paciente un diagn\u00f3stico innovador para el tratamiento de un gran problema!<\/strong><\/p>","protected":false},"excerpt":{"rendered":"<p>Acordar de manh\u00e3 e se preparar para ir ao trabalho ou \u00e0 escola pode ser dif\u00edcil quando se&nbsp; est\u00e1 privado de sono, mas e se&hellip;<\/p>","protected":false},"author":11,"featured_media":8024,"comment_status":"closed","ping_status":"open","sticky":false,"template":"","format":"standard","meta":{"footnotes":""},"categories":[12],"tags":[23,5,228,88,229,149,41,9],"class_list":["post-8023","post","type-post","status-publish","format-standard","has-post-thumbnail","hentry","category-profissional-de-saude","tag-apneia","tag-apneia-do-sono","tag-dessaturacao","tag-exame-do-sono","tag-oxigenio-no-sangue","tag-oximetria-noturna","tag-ronco","tag-sono"],"aioseo_notices":[],"_links":{"self":[{"href":"https:\/\/www.biologix.com.br\/es\/wp-json\/wp\/v2\/posts\/8023","targetHints":{"allow":["GET"]}}],"collection":[{"href":"https:\/\/www.biologix.com.br\/es\/wp-json\/wp\/v2\/posts"}],"about":[{"href":"https:\/\/www.biologix.com.br\/es\/wp-json\/wp\/v2\/types\/post"}],"author":[{"embeddable":true,"href":"https:\/\/www.biologix.com.br\/es\/wp-json\/wp\/v2\/users\/11"}],"replies":[{"embeddable":true,"href":"https:\/\/www.biologix.com.br\/es\/wp-json\/wp\/v2\/comments?post=8023"}],"version-history":[{"count":7,"href":"https:\/\/www.biologix.com.br\/es\/wp-json\/wp\/v2\/posts\/8023\/revisions"}],"predecessor-version":[{"id":13138,"href":"https:\/\/www.biologix.com.br\/es\/wp-json\/wp\/v2\/posts\/8023\/revisions\/13138"}],"wp:featuredmedia":[{"embeddable":true,"href":"https:\/\/www.biologix.com.br\/es\/wp-json\/wp\/v2\/media\/8024"}],"wp:attachment":[{"href":"https:\/\/www.biologix.com.br\/es\/wp-json\/wp\/v2\/media?parent=8023"}],"wp:term":[{"taxonomy":"category","embeddable":true,"href":"https:\/\/www.biologix.com.br\/es\/wp-json\/wp\/v2\/categories?post=8023"},{"taxonomy":"post_tag","embeddable":true,"href":"https:\/\/www.biologix.com.br\/es\/wp-json\/wp\/v2\/tags?post=8023"}],"curies":[{"name":"wp","href":"https:\/\/api.w.org\/{rel}","templated":true}]}}