{"id":8052,"date":"2022-12-05T11:14:33","date_gmt":"2022-12-05T14:14:33","guid":{"rendered":"https:\/\/www.biologix.com.br\/?p=8052"},"modified":"2025-08-12T16:01:10","modified_gmt":"2025-08-12T19:01:10","slug":"odontologia-do-sono-baseada-nas-melhores-praticas","status":"publish","type":"post","link":"https:\/\/www.biologix.com.br\/es\/2022\/12\/05\/odontologia-do-sono-baseada-nas-melhores-praticas\/","title":{"rendered":"Odontologia do sono baseada nas melhores pr\u00e1ticas<br><span class='secondary-title'>A import\u00e2ncia do dentista qualificado (DQ)<\/span>"},"content":{"rendered":"<div data-elementor-type=\"wp-post\" data-elementor-id=\"8052\" class=\"elementor elementor-8052\" data-elementor-post-type=\"post\">\n\t\t\t\t<div class=\"elementor-element elementor-element-3c1518d9 e-flex e-con-boxed e-con e-parent\" data-id=\"3c1518d9\" data-element_type=\"container\" data-e-type=\"container\">\n\t\t\t\t\t<div class=\"e-con-inner\">\n\t\t\t\t<div class=\"elementor-element elementor-element-513be7eb elementor-widget elementor-widget-text-editor\" data-id=\"513be7eb\" data-element_type=\"widget\" data-e-type=\"widget\" data-widget_type=\"text-editor.default\">\n\t\t\t\t<div class=\"elementor-widget-container\">\n\t\t\t\t\t\t\t\t\t<p><\/p>\n<p><strong><a href=\"https:\/\/www.biologix.com.br\/es\/2021\/07\/16\/brasil-e-seus-milhoes-de-apneicos-diagnostico\/\" target=\"_blank\" rel=\"noreferrer noopener\">Vivemos uma pandemia<\/a><\/strong>. Se voc\u00ea pensou no Covid-19, errou! Essa est\u00e1 sob controle, gra\u00e7as \u00e0 ci\u00eancia que criou vacinas e orienta\u00e7\u00f5es adequadas.<\/p>\n<p><\/p>\n<p><\/p><\/div><\/div><\/div><\/div><\/div> <a href=\"https:\/\/www.biologix.com.br\/es\/2022\/12\/05\/odontologia-do-sono-baseada-nas-melhores-praticas\/#more-8052\" class=\"more-link elementor-more-link\"><span aria-label=\"Sigue leyendo Odontologia do sono baseada nas melhores pr\u00e1ticasA import\u00e2ncia do dentista qualificado (DQ)\">(m\u00e1s&hellip;)<\/span><\/a>","protected":false},"excerpt":{"rendered":"<p>Vivemos uma pandemia. Se voc\u00ea pensou no Covid-19, errou! Essa est\u00e1 sob controle, gra\u00e7as \u00e0 ci\u00eancia que criou vacinas e orienta\u00e7\u00f5es adequadas.<\/p>","protected":false},"author":11,"featured_media":11613,"comment_status":"closed","ping_status":"open","sticky":false,"template":"","format":"standard","meta":{"footnotes":""},"categories":[13,12],"tags":[5,230,88,133,149,29,41,9],"class_list":["post-8052","post","type-post","status-publish","format-standard","has-post-thumbnail","hentry","category-odontologia","category-profissional-de-saude","tag-apneia-do-sono","tag-dq","tag-exame-do-sono","tag-odontologia","tag-oximetria-noturna","tag-polissonografia","tag-ronco","tag-sono"],"aioseo_notices":[],"_links":{"self":[{"href":"https:\/\/www.biologix.com.br\/es\/wp-json\/wp\/v2\/posts\/8052","targetHints":{"allow":["GET"]}}],"collection":[{"href":"https:\/\/www.biologix.com.br\/es\/wp-json\/wp\/v2\/posts"}],"about":[{"href":"https:\/\/www.biologix.com.br\/es\/wp-json\/wp\/v2\/types\/post"}],"author":[{"embeddable":true,"href":"https:\/\/www.biologix.com.br\/es\/wp-json\/wp\/v2\/users\/11"}],"replies":[{"embeddable":true,"href":"https:\/\/www.biologix.com.br\/es\/wp-json\/wp\/v2\/comments?post=8052"}],"version-history":[{"count":12,"href":"https:\/\/www.biologix.com.br\/es\/wp-json\/wp\/v2\/posts\/8052\/revisions"}],"predecessor-version":[{"id":13697,"href":"https:\/\/www.biologix.com.br\/es\/wp-json\/wp\/v2\/posts\/8052\/revisions\/13697"}],"wp:featuredmedia":[{"embeddable":true,"href":"https:\/\/www.biologix.com.br\/es\/wp-json\/wp\/v2\/media\/11613"}],"wp:attachment":[{"href":"https:\/\/www.biologix.com.br\/es\/wp-json\/wp\/v2\/media?parent=8052"}],"wp:term":[{"taxonomy":"category","embeddable":true,"href":"https:\/\/www.biologix.com.br\/es\/wp-json\/wp\/v2\/categories?post=8052"},{"taxonomy":"post_tag","embeddable":true,"href":"https:\/\/www.biologix.com.br\/es\/wp-json\/wp\/v2\/tags?post=8052"}],"curies":[{"name":"wp","href":"https:\/\/api.w.org\/{rel}","templated":true}]}}