{"id":8062,"date":"2022-12-11T11:00:02","date_gmt":"2022-12-11T14:00:02","guid":{"rendered":"https:\/\/www.biologix.com.br\/?p=8062"},"modified":"2025-01-03T18:28:09","modified_gmt":"2025-01-03T21:28:09","slug":"a-tecnologia-pode-resolver-o-problema-de-subdiagnostico-e-tratamento-da-apneia-do-sono","status":"publish","type":"post","link":"https:\/\/www.biologix.com.br\/es\/2022\/12\/11\/a-tecnologia-pode-resolver-o-problema-de-subdiagnostico-e-tratamento-da-apneia-do-sono\/","title":{"rendered":"La tecnolog\u00eda puede resolver el subdiagn\u00f3stico y el tratamiento de la apnea del sue\u00f1o<br><span class='secondary-title'>El desarrollo tecnol\u00f3gico en el abordaje de los trastornos del sue\u00f1o<\/span>"},"content":{"rendered":"<p>El sue\u00f1o inadecuado y los trastornos del sue\u00f1o representan un gran problema de salud global. Contribuyen a la reducci\u00f3n de la calidad de vida, al aumento de los costos en salud y a m\u00e1s licencias m\u00e9dicas. Uno de los trastornos m\u00e1s comunes, pero ampliamente subdiagnosticado, <strong>es la apnea obstructiva del sue\u00f1o (AOS)<\/strong>. Sus s\u00edntomas y efectos incluyen enfermedades cardiovasculares y deterioro de la memoria.<\/p>\n\n\n\n<!--more-->\n\n\n\n<p>Un estudio de 2021 se\u00f1ala que la prevalencia a lo largo de la vida var\u00eda entre 9% y 38%. Sin embargo, entre 80% y 90% de los casos de apnea del sue\u00f1o permanecen sin diagn\u00f3stico; es decir, la persona ni siquiera sabe que la padece.<\/p>\n\n\n\n<p>Una de las principales razones de esta brecha es que muchos pacientes consideran la <strong>polisomnograf\u00eda de laboratorio (PSG)<\/strong> como el \u00fanico est\u00e1ndar diagn\u00f3stico. Este estudio resulta complejo, costoso e inaccesible para gran parte de la poblaci\u00f3n. A esto se suma la creciente escasez de m\u00e9dicos, lo que genera una necesidad urgente de aprovechar la tecnolog\u00eda para atender la demanda, ofrecer soporte cl\u00ednico y proporcionar monitoreo a quienes viven con AOS.<\/p>\n\n\n\t\t<div data-elementor-type=\"section\" data-elementor-id=\"5049\" class=\"elementor elementor-5049\" data-elementor-post-type=\"elementor_library\">\n\t\t\t\t\t<section class=\"elementor-section elementor-top-section elementor-element elementor-element-a5b9e3d elementor-section-boxed elementor-section-height-default elementor-section-height-default\" data-id=\"a5b9e3d\" data-element_type=\"section\" data-e-type=\"section\">\n\t\t\t\t\t\t<div class=\"elementor-container elementor-column-gap-default\">\n\t\t\t\t\t<div class=\"elementor-column elementor-col-100 elementor-top-column elementor-element elementor-element-3525ca6\" data-id=\"3525ca6\" data-element_type=\"column\" data-e-type=\"column\">\n\t\t\t<div class=\"elementor-widget-wrap\">\n\t\t\t\t\t\t\t<\/div>\n\t\t<\/div>\n\t\t\t\t\t<\/div>\n\t\t<\/section>\n\t\t\t\t<\/div>\n\t\t\n\n\n\n<p class=\"has-medium-font-size\"><strong>El desarrollo tecnol\u00f3gico en el abordaje de los trastornos del sue\u00f1o<\/strong><\/p>\n\n\n\n<p>Un estudio reciente del grupo STAR (Sleep Technology and Analytics Research) de la Universidad de Finlandia Oriental analiz\u00f3 las tendencias futuras en tecnolog\u00edas de medici\u00f3n del sue\u00f1o. Frente al alto costo y la disponibilidad limitada de la polisomnograf\u00eda en laboratorio, emergen m\u00e9todos alternativos, como el registro simplificado de sue\u00f1o en domicilio.<\/p>\n\n\n\n<p><a href=\"https:\/\/www.biologix.com.br\/es\/2020\/08\/10\/ser-medico-do-sono\/\" target=\"_blank\" rel=\"noreferrer noopener\"><strong>Los avances tecnol\u00f3gicos en medici\u00f3n<\/strong><\/a> y an\u00e1lisis, impulsados por algoritmos e inteligencia artificial, permiten aplicar evaluaciones m\u00e1s simples, eficientes y accesibles en ambientes cl\u00ednicos, sin comprometer la precisi\u00f3n diagn\u00f3stica.&nbsp;<\/p>\n\n\n\n<p><strong><a href=\"https:\/\/www.biologix.com.br\/es\/2021\/07\/16\/brasil-e-seus-milhoes-de-apneicos-diagnostico\/\" target=\"_blank\" rel=\"noreferrer noopener\">La apnea del sue\u00f1o afecta a las personas de todos los sexo<\/a>s<\/strong>, edades, biotipos y or\u00edgenes. Por eso, cuando nuevas tecnolog\u00edas acercan a individuos sin diagn\u00f3stico a realizarse un examen, el impacto en la salud p\u00fablica puede ser enorme.<\/p>\n\n\n\n<p><strong><a href=\"https:\/\/www.biologix.com.br\/es\/2021\/04\/22\/sindrome-da-apneia-obstrutiva-do-sono-saos-no-adulto\/\" target=\"_blank\" rel=\"noreferrer noopener\">Para quienes viven con apnea obstructiva del sue\u00f1o<\/a><\/strong>sin saberlo, las <strong>soluciones de monitoreo domiciliario<\/strong> facilitan la detecci\u00f3n y permiten un manejo temprano de la enfermedad. Tambi\u00e9n ayudan a prevenir complicaciones graves, como enfermedades cardiovasculares y trastornos respiratorios. Adem\u00e1s, posibilitan el seguimiento de la progresi\u00f3n de la apnea, que suele agravarse con los a\u00f1os.<\/p>\n\n\n\n<p>Con los avances tecnol\u00f3gicos, <strong>diagnosticar y tratar la apnea del sue\u00f1o resulta m\u00e1s sencillo que nunca<\/strong>. Estas herramientas permiten monitorear la adherencia a la terapia, analizar resultados y ajustar configuraciones, lo que otorga a los profesionales de la salud mayor capacidad para personalizar el tratamiento. M\u00e1s a\u00fan, los registros domiciliarios ofrecen datos reales del sue\u00f1o en un entorno natural, lo que genera informaci\u00f3n m\u00e1s consistente y aut\u00e9ntica. A medida que se reconocen los beneficios del cuidado y el monitoreo accesible en el hogar, esta revoluci\u00f3n seguir\u00e1 ampli\u00e1ndose y transformando el manejo de la AOS.<\/p>\n\n\n\n<p>As\u00ed, estas soluciones se encuentran disponibles para quienes las necesitan; millones de pacientes en todo el mundo pueden vivir con mayor tranquilidad.<\/p>\n\n\n\n<p><strong>Este es nuestro prop\u00f3sito: democratizar el examen del sue\u00f1o y hacerlo m\u00e1s accesible para todos.<\/strong><\/p>\n\n\n\n<p>M\u00e1s informaci\u00f3n en<strong> <a href=\"http:\/\/www.biologix.com.br\/es\/\">www.biologix.com.br<\/a><\/strong><\/p>","protected":false},"excerpt":{"rendered":"<p>El sue\u00f1o inadecuado y los trastornos del sue\u00f1o conforman un gran problema de salud global, contribuyendo, por ejemplo, a la reducci\u00f3n de calidad de vida (...)<\/p>","protected":false},"author":11,"featured_media":8063,"comment_status":"closed","ping_status":"open","sticky":true,"template":"","format":"standard","meta":{"footnotes":""},"categories":[12],"tags":[5,71,88,149,29,41,9],"class_list":["post-8062","post","type-post","status-publish","format-standard","has-post-thumbnail","hentry","category-profissional-de-saude","tag-apneia-do-sono","tag-biologix","tag-exame-do-sono","tag-oximetria-noturna","tag-polissonografia","tag-ronco","tag-sono"],"aioseo_notices":[],"_links":{"self":[{"href":"https:\/\/www.biologix.com.br\/es\/wp-json\/wp\/v2\/posts\/8062","targetHints":{"allow":["GET"]}}],"collection":[{"href":"https:\/\/www.biologix.com.br\/es\/wp-json\/wp\/v2\/posts"}],"about":[{"href":"https:\/\/www.biologix.com.br\/es\/wp-json\/wp\/v2\/types\/post"}],"author":[{"embeddable":true,"href":"https:\/\/www.biologix.com.br\/es\/wp-json\/wp\/v2\/users\/11"}],"replies":[{"embeddable":true,"href":"https:\/\/www.biologix.com.br\/es\/wp-json\/wp\/v2\/comments?post=8062"}],"version-history":[{"count":3,"href":"https:\/\/www.biologix.com.br\/es\/wp-json\/wp\/v2\/posts\/8062\/revisions"}],"predecessor-version":[{"id":13143,"href":"https:\/\/www.biologix.com.br\/es\/wp-json\/wp\/v2\/posts\/8062\/revisions\/13143"}],"wp:featuredmedia":[{"embeddable":true,"href":"https:\/\/www.biologix.com.br\/es\/wp-json\/wp\/v2\/media\/8063"}],"wp:attachment":[{"href":"https:\/\/www.biologix.com.br\/es\/wp-json\/wp\/v2\/media?parent=8062"}],"wp:term":[{"taxonomy":"category","embeddable":true,"href":"https:\/\/www.biologix.com.br\/es\/wp-json\/wp\/v2\/categories?post=8062"},{"taxonomy":"post_tag","embeddable":true,"href":"https:\/\/www.biologix.com.br\/es\/wp-json\/wp\/v2\/tags?post=8062"}],"curies":[{"name":"wp","href":"https:\/\/api.w.org\/{rel}","templated":true}]}}