{"id":8084,"date":"2023-02-01T19:07:56","date_gmt":"2023-02-01T22:07:56","guid":{"rendered":"https:\/\/www.biologix.com.br\/?p=8084"},"modified":"2025-08-12T15:55:53","modified_gmt":"2025-08-12T18:55:53","slug":"apneia-obstrutiva-do-sono-e-doenca-cardiovascular","status":"publish","type":"post","link":"https:\/\/www.biologix.com.br\/es\/2023\/02\/01\/apneia-obstrutiva-do-sono-e-doenca-cardiovascular\/","title":{"rendered":"Apnea obstructiva del sue\u00f1o y enfermedad cardiovascular<br><span class='secondary-title'>Una declaraci\u00f3n cient\u00edfica de la Asociaci\u00f3n Estadounidense del Coraz\u00f3n<\/span>"},"content":{"rendered":"<div data-elementor-type=\"wp-post\" data-elementor-id=\"8084\" class=\"elementor elementor-8084\" data-elementor-post-type=\"post\">\n\t\t\t\t<div class=\"elementor-element elementor-element-4e3e0012 e-flex e-con-boxed e-con e-parent\" data-id=\"4e3e0012\" data-element_type=\"container\" data-e-type=\"container\">\n\t\t\t\t\t<div class=\"e-con-inner\">\n\t\t\t\t<div class=\"elementor-element elementor-element-7ae49fbe elementor-widget elementor-widget-text-editor\" data-id=\"7ae49fbe\" data-element_type=\"widget\" data-e-type=\"widget\" data-widget_type=\"text-editor.default\">\n\t\t\t\t<div class=\"elementor-widget-container\">\n\t\t\t\t\t\t\t\t\t<p><\/p>\n<p>Entre el 40% y el 80% de las personas con enfermedades cardiovasculares presentan apnea\nobstructiva del sue\u00f1o (AOS), un trastorno a\u00fan poco reconocido y tratado, seg\u00fan una declaraci\u00f3n cient\u00edfica publicada por la Asociaci\u00f3n Estadounidense del Coraz\u00f3n el 18 de agosto\nde 2021 en su revista.&nbsp;<\/p>\n<p><\/p>\n<p>La apnea del sue\u00f1o ocurre cuando una obstrucci\u00f3n de las v\u00edas respiratorias superiores provoca episodios repetidos de interrupci\u00f3n respiratoria durante el sue\u00f1o. Los s\u00edntomas incluyen ronquidos, pausas respiratorias, sue\u00f1o fragmentado y somnolencia diurna. En general, cerca del 34% de los hombres y el 17% de las mujeres de mediana edad cumplen con los criterios diagn\u00f3sticos para AOS.<\/p>\n<p><\/p>\n<p>Los principales factores de riesgo incluyen obesidad, cuello ancho, anormalidades\ncraneofaciales, tabaquismo, antecedentes familiares y congesti\u00f3n nasal nocturna.<\/p>\n<p><\/p>\n<p><\/p><\/div><\/div><\/div><\/div><\/div> <a href=\"https:\/\/www.biologix.com.br\/es\/2023\/02\/01\/apneia-obstrutiva-do-sono-e-doenca-cardiovascular\/#more-8084\" class=\"more-link elementor-more-link\"><span aria-label=\"Sigue leyendo Apneia obstrutiva do sono e doen\u00e7a cardiovascularUma declara\u00e7\u00e3o cient\u00edfica da American Heart Association\">(m\u00e1s&hellip;)<\/span><\/a>","protected":false},"excerpt":{"rendered":"<p>A apneia obstrutiva do sono (AOS) ocorre em 40% a 80% das pessoas com doen\u00e7as cardiovasculares, mas \u00e9 pouco reconhecida e tratada, de acordo com&hellip;<\/p>","protected":false},"author":11,"featured_media":11521,"comment_status":"closed","ping_status":"open","sticky":false,"template":"","format":"standard","meta":{"footnotes":""},"categories":[138,12],"tags":[5,139,214,88,133,149,29,9],"class_list":["post-8084","post","type-post","status-publish","format-standard","has-post-thumbnail","hentry","category-cardiologia","category-profissional-de-saude","tag-apneia-do-sono","tag-cardiologia","tag-doencas-cardiovasculares","tag-exame-do-sono","tag-odontologia","tag-oximetria-noturna","tag-polissonografia","tag-sono"],"aioseo_notices":[],"_links":{"self":[{"href":"https:\/\/www.biologix.com.br\/es\/wp-json\/wp\/v2\/posts\/8084","targetHints":{"allow":["GET"]}}],"collection":[{"href":"https:\/\/www.biologix.com.br\/es\/wp-json\/wp\/v2\/posts"}],"about":[{"href":"https:\/\/www.biologix.com.br\/es\/wp-json\/wp\/v2\/types\/post"}],"author":[{"embeddable":true,"href":"https:\/\/www.biologix.com.br\/es\/wp-json\/wp\/v2\/users\/11"}],"replies":[{"embeddable":true,"href":"https:\/\/www.biologix.com.br\/es\/wp-json\/wp\/v2\/comments?post=8084"}],"version-history":[{"count":9,"href":"https:\/\/www.biologix.com.br\/es\/wp-json\/wp\/v2\/posts\/8084\/revisions"}],"predecessor-version":[{"id":13694,"href":"https:\/\/www.biologix.com.br\/es\/wp-json\/wp\/v2\/posts\/8084\/revisions\/13694"}],"wp:featuredmedia":[{"embeddable":true,"href":"https:\/\/www.biologix.com.br\/es\/wp-json\/wp\/v2\/media\/11521"}],"wp:attachment":[{"href":"https:\/\/www.biologix.com.br\/es\/wp-json\/wp\/v2\/media?parent=8084"}],"wp:term":[{"taxonomy":"category","embeddable":true,"href":"https:\/\/www.biologix.com.br\/es\/wp-json\/wp\/v2\/categories?post=8084"},{"taxonomy":"post_tag","embeddable":true,"href":"https:\/\/www.biologix.com.br\/es\/wp-json\/wp\/v2\/tags?post=8084"}],"curies":[{"name":"wp","href":"https:\/\/api.w.org\/{rel}","templated":true}]}}