{"id":9021,"date":"2023-06-12T12:39:36","date_gmt":"2023-06-12T15:39:36","guid":{"rendered":"https:\/\/www.biologix.com.br\/?p=9021"},"modified":"2025-01-06T08:52:35","modified_gmt":"2025-01-06T11:52:35","slug":"apneia-do-sono-pode-aumentar-o-risco-de-doenca-de-alzheimer-e-derrame-mostra-estudo","status":"publish","type":"post","link":"https:\/\/www.biologix.com.br\/es\/2023\/06\/12\/apneia-do-sono-pode-aumentar-o-risco-de-doenca-de-alzheimer-e-derrame-mostra-estudo\/","title":{"rendered":"La apnea del sue\u00f1o puede aumentar el riesgo de Alzheimer y accidente cerebrovascular, seg\u00fan un estudio<br><span class='secondary-title'>C\u00f3mo diagnosticar la apnea del sue\u00f1o en sus pacientes<\/span>"},"content":{"rendered":"<p>La apnea del sue\u00f1o es un trastorno caracterizado por interrupciones respiratorias durante la noche, lo que provoca despertares frecuentes y una falta general de sue\u00f1o reparador.<\/p>\n\n\n\n<p>Aunque muchos perciben el <a href=\"https:\/\/www.biologix.com.br\/es\/teste-do-ronco\/\" title=\"\">ronquido<\/a> solo como una incomodidad, una investigaci\u00f3n reciente muestra que la apnea del sue\u00f1o puede aumentar el riesgo de accidente cerebrovascular, enfermedad de Alzheimer y deterioro cognitivo.<\/p>\n\n\n\n<!--more-->\n\n\n\n<p>Un estudio publicado el 10 de mayo en la revista<em> Neurology<\/em> analiz\u00f3 a 140 participantes, con una edad promedio de 73 a\u00f1os, provenientes del Mayo Clinic Study of Aging. Ninguno ten\u00eda demencia y todos se hab\u00edan sometido al menos a una resonancia magn\u00e9tica cerebral y a una polisomnograf\u00eda (PSG), estudio nocturno realizado en un laboratorio del sue\u00f1o.<\/p>\n\n\n\n<p>El an\u00e1lisis incluy\u00f3 factores del sue\u00f1o y biomarcadores de la salud de la sustancia blanca cerebral, esenciales para la conexi\u00f3n entre distintas \u00e1reas del cerebro. Uno de estos biomarcadores, las hiperintensidades de la sustancia blanca, corresponde a peque\u00f1as lesiones visibles en las im\u00e1genes cerebrales, que se vuelven m\u00e1s frecuentes con la edad o con hipertensi\u00f3n arterial no controlada. Otro biomarcador evalu\u00f3 la integridad de los axones, responsables de la comunicaci\u00f3n entre las neuronas.<\/p>\n\n\n\n<p>Los investigadores identificaron una posible asociaci\u00f3n entre apnea del sue\u00f1o, reducci\u00f3n del sue\u00f1o profundo y se\u00f1ales de enfermedad cerebrovascular temprana. Estas se\u00f1ales se vinculan a un mayor riesgo de accidente cerebrovascular, Alzheimer y deterioro cognitivo. Observaron que, por cada disminuci\u00f3n de 10 puntos en el porcentaje de sue\u00f1o de ondas lentas, aumentaban las hiperintensidades de la sustancia blanca, un efecto comparable al envejecimiento de 2,3 a\u00f1os. Adem\u00e1s, detectaron una reducci\u00f3n en la integridad axonal equivalente a tres a\u00f1os de envejecimiento.<\/p>\n\n\n\t\t<div data-elementor-type=\"section\" data-elementor-id=\"5049\" class=\"elementor elementor-5049\" data-elementor-post-type=\"elementor_library\">\n\t\t\t\t\t<section class=\"elementor-section elementor-top-section elementor-element elementor-element-a5b9e3d elementor-section-boxed elementor-section-height-default elementor-section-height-default\" data-id=\"a5b9e3d\" data-element_type=\"section\" data-e-type=\"section\">\n\t\t\t\t\t\t<div class=\"elementor-container elementor-column-gap-default\">\n\t\t\t\t\t<div class=\"elementor-column elementor-col-100 elementor-top-column elementor-element elementor-element-3525ca6\" data-id=\"3525ca6\" data-element_type=\"column\" data-e-type=\"column\">\n\t\t\t<div class=\"elementor-widget-wrap\">\n\t\t\t\t\t\t\t<\/div>\n\t\t<\/div>\n\t\t\t\t\t<\/div>\n\t\t<\/section>\n\t\t\t\t<\/div>\n\t\t\n\n\n\n<h2 class=\"wp-block-heading\">\u00bfC\u00f3mo afecta la apnea del sue\u00f1o al cerebro a largo plazo?<\/h2>\n\n\n\n<p>La apnea del sue\u00f1o se relaciona con hipoxemia, aumento de los picos de adrenalina (cuando el cuerpo detecta la falta de ox\u00edgeno y provoca el despertar), hipertensi\u00f3n, reflujo gastroesof\u00e1gico, fibrilaci\u00f3n auricular, sue\u00f1o de mala calidad (menos sue\u00f1o profundo y REM) y un mayor riesgo de deterioro cognitivo. Por lo tanto, representa una causa probable y relativamente frecuente de declive cognitivo, muchas veces no diagnosticada ni tratada de forma adecuada.<\/p>\n\n\n\n<p>El sue\u00f1o profundo cumple un papel esencial en la restauraci\u00f3n cerebral y la consolidaci\u00f3n de la memoria. Cuando los pacientes con apnea del sue\u00f1o reducen su tiempo en esta fase reparadora, su funci\u00f3n cognitiva se ve afectada y el riesgo de deterioro aumenta con los a\u00f1os. Adem\u00e1s, como la apnea del sue\u00f1o se asocia a hipertensi\u00f3n y <a href=\"https:\/\/www.biologix.com.br\/es\/2024\/09\/16\/fibrilacao-atrial-e-a-relacao-com-apneia-obstrutiva-do-sono\/\" title=\"\">fibrilaci\u00f3n auricular<\/a>, incrementa la probabilidad de accidente cerebrovascular.\u00a0<\/p>\n\n\n\n<p>En resumen, un cerebro que no descansa bien tiende a funcionar peor. Esto se refleja en alteraciones del estado de \u00e1nimo y en una menor capacidad para tomar decisiones.<\/p>\n\n\n\n<h2 class=\"wp-block-heading\">\u00bfC\u00f3mo diagnosticar la apnea del sue\u00f1o?&nbsp;<\/h2>\n\n\n\n<p>En muchos casos, la pareja del paciente detecta la apnea del sue\u00f1o al notar las interrupciones respiratorias. Ante la sospecha, resulta fundamental realizar un estudio del sue\u00f1o para confirmar el diagn\u00f3stico.&nbsp;<\/p>\n\n\n\n<p>El <a href=\"https:\/\/www.biologix.com.br\/es\/exame-do-sono\/\" title=\"\">Biologix\u00ae Sleep Test<\/a> permite que el paciente se eval\u00fae en casa, de manera simple, c\u00f3moda y eficiente, sin necesidad de pasar la noche en un laboratorio. Como sistema de polisomnograf\u00eda simplificado e innovador, Biologix transforma la experiencia de los estudios del sue\u00f1o gracias a la inteligencia artificial inal\u00e1mbrica. El paciente conserva independencia y movilidad durante la noche; puede levantarse para ir al ba\u00f1o o beber agua sin comprometer la calidad del examen. Se trata de una alternativa m\u00e1s vers\u00e1til que puede realizarse en casa o en el hospital.<\/p>\n\n\n\n<p>Si se confirma la apnea del sue\u00f1o, existen diversas opciones de tratamiento. La m\u00e1s eficaz es la  <strong>terapia con presi\u00f3n positiva en las v\u00edas a\u00e9reas (CPAP)<\/strong>, que utiliza una m\u00e1scara nasal u oronasal para suministrar un flujo continuo de aire y mantener las v\u00edas abiertas durante el sue\u00f1o.<\/p>\n\n\n\n<p>Los cambios en el estilo de vida tambi\u00e9n son determinantes: mantener un peso saludable, evitar alcohol y sedantes antes de dormir, adoptar la posici\u00f3n lateral y establecer una rutina de sue\u00f1o constante.&nbsp;<\/p>\n\n\n\n<p>Reconocer el impacto de la apnea del sue\u00f1o en enfermedades neurol\u00f3gicas resulta esencial para la prevenci\u00f3n y la intervenci\u00f3n temprana.&nbsp;<\/p>\n\n\n\n<p>Priorizar un sue\u00f1o saludable y buscar un tratamiento adecuado, como la terapia de presi\u00f3n positiva en las v\u00edas a\u00e9reas, ayuda a aliviar las interrupciones respiratorias, mejora la calidad del descanso y puede reducir de manera significativa el riesgo de enfermedad de Alzheimer, deterioro cognitivo y accidente cerebrovascular asociados a la apnea del sue\u00f1o.<\/p>\n\n\n\n<p>La apnea del sue\u00f1o es una de las causas m\u00e1s frecuentes en pacientes con deterioro cognitivo y, muchas veces, los m\u00e9dicos la subestiman. Por eso, resulta fundamental que pacientes y familiares conozcan este v\u00ednculo y lo discutan con sus profesionales de salud.&nbsp;<\/p>\n\n\n\n<h2 class=\"wp-block-heading\">Biologix y la democratizaci\u00f3n del diagn\u00f3stico del ronquido y la apnea del sue\u00f1o<\/h2>\n\n\n\n<p>Fundada en 2015 en la ciudad de S\u00e3o Paulo, a <strong>Biologix <\/strong>es una <em>healthtech<\/em> en el \u00e1rea de medicina del sue\u00f1o cuya misi\u00f3n consiste en <strong>democratizar <\/strong>el acceso al <strong>diagn\u00f3stico <\/strong>y posibilitar el <strong>seguimiento del tratamiento <\/strong>del<strong> ronquido <\/strong>y<strong> apnea del sue\u00f1o<\/strong> . Para ello, cuenta con una soluci\u00f3n validada cl\u00ednicamente y aprobada por profesionales de referencia en el \u00e1rea: <strong>Biologix\u00ae Sleep Test<\/strong>.<\/p>\n\n\n\n<p>El <strong>Biologix\u00ae Sleep Test <\/strong>es una polisomnograf\u00eda multimodal nocturna que requiere \u00fanicamente un <em>smartphone <\/em>y un sensor compacto, inal\u00e1mbrico y sin electrodos conectados al paciente. Cualquier profesional de la salud o centro acreditado Biologix puede adquirir este sensor a <strong>bajo costo<\/strong> . <strong>.<\/strong> . <strong>.<\/strong>.<\/p>\n\n\n\n<p>Para <a href=\"https:\/\/www.biologix.com.br\/es\/2023\/07\/17\/diagnostico-da-apneia-do-sono-sem-fios-em-casa\/\" title=\"\">diagnosticar la apnea obstructiva del sue\u00f1o (AOS)<\/a>, el Biologix\u00ae Sleep Test <strong>capta y procesa distintos par\u00e1metros<\/strong> durante toda la noche. El <strong>sensor Oxistar <\/strong>registra la saturaci\u00f3n de ox\u00edgeno en sangre y detecta eventos de desaturaci\u00f3n, adem\u00e1s de monitorear la frecuencia card\u00edaca y calcular el tiempo estimado de sue\u00f1o. El <em>smartphone<\/em> se encarga de <strong>grabar, registrar y clasificar los ronquidos,<\/strong>al mismo tiempo que procesa toda la informaci\u00f3n recolectada. Con estos datos, se calcula el <strong>\u00cdndice de Desaturaci\u00f3n de Ox\u00edgeno (IDO) <\/strong>, una medida que permite a los profesionales de la salud determinar el grado de apnea del paciente seg\u00fan tablas de referencia. Al tratarse de un proceso totalmente automatizado, garantiza la <strong>privacidad completa<\/strong> de los datos.<\/p>\n\n\n\n<p>La tecnolog\u00eda del Biologix\u00ae Sleep Test cuenta con <strong>validaci\u00f3n cl\u00ednica<\/strong> y sus resultados demostraron alta confiabilidad en estudios realizados por profesionales del Laboratorio del Sue\u00f1o del Instituto del Coraz\u00f3n de la Facultad de Medicina de la Universidad de S\u00e3o Paulo, adem\u00e1s de la aprobaci\u00f3n de los organismos competentes en Brasil. Actualmente, la soluci\u00f3n alcanza una <strong>sensibilidad del 95,1%, una especificidad del 80,2% y una precisi\u00f3n del 90,1%<\/strong> en el diagn\u00f3stico de AOS, comparada con la polisomnograf\u00eda est\u00e1ndar de laboratorio.\u00a0<\/p>\n\n\n\n<p>\u00bfEst\u00e1 interesado? \u00bfQuiere colaborar con nosotros para <strong>transformar la salud del sue\u00f1o en Latinoam\u00e9rica<\/strong>? Ingrese a nuestra p\u00e1gina web y redes sociales y conozca m\u00e1s sobre las <strong>soluciones que est\u00e1n revolucionando el diagn\u00f3stico del ronquido y la apnea del sue\u00f1o<\/strong> .<\/p>\n\n\n\n<p><\/p>","protected":false},"excerpt":{"rendered":"<p>La apnea del sue\u00f1o es un trastorno caracterizado por interrupciones respiratorias durante la noche (...)<\/p>","protected":false},"author":11,"featured_media":11539,"comment_status":"closed","ping_status":"open","sticky":true,"template":"","format":"standard","meta":{"footnotes":""},"categories":[12,203],"tags":[23,5,88,149,29,41],"class_list":["post-9021","post","type-post","status-publish","format-standard","has-post-thumbnail","hentry","category-profissional-de-saude","category-psiquiatria","tag-apneia","tag-apneia-do-sono","tag-exame-do-sono","tag-oximetria-noturna","tag-polissonografia","tag-ronco"],"aioseo_notices":[],"_links":{"self":[{"href":"https:\/\/www.biologix.com.br\/es\/wp-json\/wp\/v2\/posts\/9021","targetHints":{"allow":["GET"]}}],"collection":[{"href":"https:\/\/www.biologix.com.br\/es\/wp-json\/wp\/v2\/posts"}],"about":[{"href":"https:\/\/www.biologix.com.br\/es\/wp-json\/wp\/v2\/types\/post"}],"author":[{"embeddable":true,"href":"https:\/\/www.biologix.com.br\/es\/wp-json\/wp\/v2\/users\/11"}],"replies":[{"embeddable":true,"href":"https:\/\/www.biologix.com.br\/es\/wp-json\/wp\/v2\/comments?post=9021"}],"version-history":[{"count":3,"href":"https:\/\/www.biologix.com.br\/es\/wp-json\/wp\/v2\/posts\/9021\/revisions"}],"predecessor-version":[{"id":13152,"href":"https:\/\/www.biologix.com.br\/es\/wp-json\/wp\/v2\/posts\/9021\/revisions\/13152"}],"wp:featuredmedia":[{"embeddable":true,"href":"https:\/\/www.biologix.com.br\/es\/wp-json\/wp\/v2\/media\/11539"}],"wp:attachment":[{"href":"https:\/\/www.biologix.com.br\/es\/wp-json\/wp\/v2\/media?parent=9021"}],"wp:term":[{"taxonomy":"category","embeddable":true,"href":"https:\/\/www.biologix.com.br\/es\/wp-json\/wp\/v2\/categories?post=9021"},{"taxonomy":"post_tag","embeddable":true,"href":"https:\/\/www.biologix.com.br\/es\/wp-json\/wp\/v2\/tags?post=9021"}],"curies":[{"name":"wp","href":"https:\/\/api.w.org\/{rel}","templated":true}]}}