{"id":915,"date":"2020-03-13T11:08:49","date_gmt":"2020-03-13T14:08:49","guid":{"rendered":"https:\/\/blog.biologix.com.br\/?p=915"},"modified":"2025-08-19T11:55:54","modified_gmt":"2025-08-19T14:55:54","slug":"apneia-obstrutiva-do-sono-e-avc","status":"publish","type":"post","link":"https:\/\/www.biologix.com.br\/es\/2020\/03\/13\/apneia-obstrutiva-do-sono-e-avc\/","title":{"rendered":"La apnea obstructiva del sue\u00f1o y el ACV<br><span class='secondary-title'>La apnea del sue\u00f1o es un factor de riesgo para el ACV<\/span>"},"content":{"rendered":"<p>Ya se sabe lo mucho que los trastornos del sue\u00f1o afectan nuestra calidad de vida y aumentan el <a href=\"https:\/\/www.biologix.com.br\/es\/2020\/08\/19\/a-importancia-da-investigacao-de-apneia-do-sono-para-o-cardiologista\/\" target=\"_blank\" rel=\"noreferrer noopener\">enfermedades cardiovasculares<\/a>. Sin embargo, hoy nos dedicaremos a\nentender mejor esa correlaci\u00f3n al hablar de un trastorno espec\u00edfico: la apnea obstructiva del\nsue\u00f1o y el accidente cerebrovascular (ACV), tambi\u00e9n conocido como derrame cerebral. <br><\/p>\n\n\n\n<!--more-->\n\n\n\t\t<div data-elementor-type=\"section\" data-elementor-id=\"3414\" class=\"elementor elementor-3414\" data-elementor-post-type=\"elementor_library\">\n\t\t\t\t\t<section class=\"elementor-section elementor-top-section elementor-element elementor-element-bba2a7b elementor-section-boxed elementor-section-height-default elementor-section-height-default\" data-id=\"bba2a7b\" data-element_type=\"section\" data-e-type=\"section\">\n\t\t\t\t\t\t<div class=\"elementor-container elementor-column-gap-default\">\n\t\t\t\t\t<div class=\"elementor-column elementor-col-100 elementor-top-column elementor-element elementor-element-a39b97d\" data-id=\"a39b97d\" data-element_type=\"column\" data-e-type=\"column\">\n\t\t\t<div class=\"elementor-widget-wrap elementor-element-populated\">\n\t\t\t\t\t\t<div class=\"elementor-element elementor-element-7b06e35 elementor-widget elementor-widget-button\" data-id=\"7b06e35\" data-element_type=\"widget\" data-e-type=\"widget\" data-widget_type=\"button.default\">\n\t\t\t\t<div class=\"elementor-widget-container\">\n\t\t\t\t\t\t\t\t\t<div class=\"elementor-button-wrapper\">\n\t\t\t\t\t<a class=\"elementor-button elementor-button-link elementor-size-sm\" href=\"https:\/\/www.biologix.com.br\/es\/paciente\/#busca-centros\" id=\"buscar-centro-credenciado\">\n\t\t\t\t\t\t<span class=\"elementor-button-content-wrapper\">\n\t\t\t\t\t\t\t\t\t<span class=\"elementor-button-text\">Buscar un centro acreditado<\/span>\n\t\t\t\t\t<\/span>\n\t\t\t\t\t<\/a>\n\t\t\t\t<\/div>\n\t\t\t\t\t\t\t\t<\/div>\n\t\t\t\t<\/div>\n\t\t\t\t\t<\/div>\n\t\t<\/div>\n\t\t\t\t\t<\/div>\n\t\t<\/section>\n\t\t\t\t<\/div>\n\t\t\n\n\n\n<p><a href=\"https:\/\/www.biologix.com.br\/es\/2020\/06\/15\/tipos-de-apneia-do-sono\/\" target=\"_blank\" rel=\"noreferrer noopener\">\u00bfUsted sabe lo que es la apnea?<\/a>La apnea obstructiva del sue\u00f1o (AOS) es una enfermedad muy com\u00fan que se caracteriza por la obstrucci\u00f3n de las v\u00edas a\u00e9reas superiores durante el sue\u00f1o. Por lo general, esta obstrucci\u00f3n va acompa\u00f1ada de una baja saturaci\u00f3n de ox\u00edgeno en sangre, seguida de un breve despertar durante la noche para poder respirar. Las manifestaciones principales que ocurren durante el sue\u00f1o incluyen ronquido alto y frecuente, pausas en la respiraci\u00f3n y fragmentaci\u00f3n del sue\u00f1o. Estos pueden llevar a problemas diurnos como <a href=\"https:\/\/www.biologix.com.br\/es\/2020\/02\/05\/sonolencia-e-cansaco-diurno-confira-algumas-doencas-que-causam-cansaco-em-excesso\/\" target=\"_blank\" rel=\"noreferrer noopener\">la somnolencia diurna excesiva,<\/a>, <a href=\"https:\/\/www.biologix.com.br\/es\/2020\/02\/05\/comprometimento-da-memoria-falhas-na-memoria-exigem-investigacao\/\" target=\"_blank\" rel=\"noreferrer noopener\">alteraciones cognitivas<\/a> y cefalea matinal que incapacitan las actividades del d\u00eda a d\u00eda.<\/p>\n\n\n\t\t<div data-elementor-type=\"section\" data-elementor-id=\"587\" class=\"elementor elementor-587\" data-elementor-post-type=\"elementor_library\">\n\t\t\t\t\t<section class=\"elementor-section elementor-top-section elementor-element elementor-element-4d0649a elementor-section-boxed elementor-section-height-default elementor-section-height-default\" data-id=\"4d0649a\" data-element_type=\"section\" data-e-type=\"section\">\n\t\t\t\t\t\t<div class=\"elementor-container elementor-column-gap-default\">\n\t\t\t\t\t<div class=\"elementor-column elementor-col-100 elementor-top-column elementor-element elementor-element-9d36ab1\" data-id=\"9d36ab1\" data-element_type=\"column\" data-e-type=\"column\">\n\t\t\t<div class=\"elementor-widget-wrap elementor-element-populated\">\n\t\t\t\t\t\t<div class=\"elementor-element elementor-element-c0177f3 elementor-widget elementor-widget-html\" data-id=\"c0177f3\" data-element_type=\"widget\" data-e-type=\"widget\" data-widget_type=\"html.default\">\n\t\t\t\t<div class=\"elementor-widget-container\">\n\t\t\t\t\t<div role=\"main\" id=\"site-inscricao-receber-conteudo-66a2c8b9048f99353f18\"><\/div><script type=\"text\/javascript\" src=\"https:\/\/d335luupugsy2.cloudfront.net\/js\/rdstation-forms\/stable\/rdstation-forms.min.js\"><\/script><script type=\"text\/javascript\"> new RDStationForms('site-inscricao-receber-conteudo-66a2c8b9048f99353f18', 'UA-128422573-1').createForm();<\/script>\t\t\t\t<\/div>\n\t\t\t\t<\/div>\n\t\t\t\t\t<\/div>\n\t\t<\/div>\n\t\t\t\t\t<\/div>\n\t\t<\/section>\n\t\t\t\t<\/div>\n\t\t\n\n\n\n<p><br>El accidente cerebrovascular ocurre cuando los vasos sangu\u00edneos que llevan la sangre al cerebro se tapan o se rompen. Esto causa una par\u00e1lisis en el \u00e1rea cerebral, ya que se corta su circulaci\u00f3n sangu\u00ednea. Se trata de una enfermedad que no solo tiende a afectar m\u00e1s a los hombres, sino que tambi\u00e9n es una de las principales causas de muerte, discapacidad e internaci\u00f3n en todo el mundo. Cuanto m\u00e1s r\u00e1pido sea el diagn\u00f3stico y tratamiento del ACV, mayores ser\u00e1s las posibilidades de una recuperaci\u00f3n completa. Por ende, es importante prestarle atenci\u00f3n a las se\u00f1ales y s\u00edntomas y buscar ayuda m\u00e9dica de forma inmediata. <\/p>\n\n\n\n<h2 class=\"wp-block-heading\">Tipos de ACV<\/h2>\n\n\n\n<p>Existen dos tipos ACV y ambos ocurren por motivos diferentes: el hemorr\u00e1gico y el isqu\u00e9mico. <\/p>\n\n\n\n<p>Conforme a lo publicado por el Ministerio de la Salud Brasile\u00f1o (fuente:http:\/\/www.saude.gov.br\/saude-de-a-z\/acidente-vascular-cerebral-avc), por un lado, el ACV hemorr\u00e1gico ocurre cuando un vaso cerebral se rompe y esto provoca una hemorragia. Dicha hemorragia puede ocurrir dentro del tejido cerebral o en la superficie entre el cerebro y la meninge. Este tipo de accidente cerebrovascular es responsable por el 15% de todos los casos, pero es m\u00e1s frecuente que cause la muerte que el ACV isqu\u00e9mico. Por el otro lado, el ACV isqu\u00e9mico sucede cuando hay una obstrucci\u00f3n en una arteria que impide que el ox\u00edgeno llegue a las c\u00e9lulas del cerebro, y esto provoca su muerte. Dicha obstrucci\u00f3n se manifiesta por un co\u00e1gulo (trombosis) o un \u00e9mbolo (embolia). El accidente cerebrovascular isqu\u00e9mico es el m\u00e1s com\u00fan y representa el 85% de todos los casos.<\/p>\n\n\n\n<p>Preste atenci\u00f3n a los factores de riesgo para desarrollar ACV, entre ellos: hipertensi\u00f3n,\nsedentarismo, tabaquismo y mala alimentaci\u00f3n. El ACV puede surgir a cualquier edad, pero las\nestad\u00edsticas muestran que los hombres de raza negra tienen una mayor tendencia a desarrollarlo.<\/p>\n\n\n\n<figure class=\"wp-block-embed is-type-video is-provider-youtube wp-block-embed-youtube wp-embed-aspect-16-9 wp-has-aspect-ratio\"><div class=\"wp-block-embed__wrapper\">\n<iframe title=\"Biologix| Apneia Obstrutiva do Sono e AVC\" width=\"843\" height=\"474\" src=\"https:\/\/www.youtube.com\/embed\/Leyw_IKMBvI?feature=oembed\" frameborder=\"0\" allow=\"accelerometer; autoplay; clipboard-write; encrypted-media; gyroscope; picture-in-picture; web-share\" referrerpolicy=\"strict-origin-when-cross-origin\" allowfullscreen><\/iframe>\n<\/div><\/figure>\n\n\n\n<p>Seg\u00fan estudios del Departamento de Neurociencias y Ciencias del Comportamiento de la Facultad de Medicina de Ribeir\u00e3o Preto de la Universidad de S\u00e3o Paulo (FMRP-USP, por sus siglas en portugu\u00e9s), la prevalencia de trastornos del sue\u00f1o en pacientes con ACV isqu\u00e9mico es de aproximadamente 75% y con ACV hemorr\u00e1gico, de 60%. \u00bfY por qu\u00e9 sucede esto? La apnea desencadena ca\u00eddas repetitivas en los niveles nocturnos de ox\u00edgeno en sangre, lo que puede resultar en hipoxia intermitente (baja concentraci\u00f3n de ox\u00edgeno), asociada a la inflamaci\u00f3n sist\u00e9mica (que afecta a todo el organismo). <\/p>\n\n\n\n<h2 class=\"wp-block-heading\">S\u00edntomas y diagn\u00f3stico de apnea del sue\u00f1o<\/h2>\n\n\n\n<p>Si usted presenta s\u00edntomas como <a href=\"https:\/\/www.biologix.com.br\/es\/2020\/02\/05\/ronco-alto-e-frequente-entenda-como-o-ronco-pode-afetar-a-sua-qualidade-de-vida\/\" target=\"_blank\" rel=\"noreferrer noopener\">ronquido alto y frecuente<\/a>pausas en la respiraci\u00f3n durante la noche, fragmentaci\u00f3n del sue\u00f1o, somnolencia diurna excesiva, alteraciones cognitivas y cefalea matinal, puede tener apnea. Es por eso que su m\u00e9dico podr\u00e1 solicitarle diferentes estudios para\nevaluar su sue\u00f1o, realizar un diagn\u00f3stico completo y definir el mejor tratamiento para su caso. <\/p>\n\n\n\n<p><a href=\"https:\/\/www.biologix.com.br\/es\/2020\/09\/10\/em-ano-de-pandemia-exames-do-sono-biologix-crescem-236\/\" target=\"_blank\" rel=\"noreferrer noopener\">Por un lado, una opci\u00f3n es el Examen del Sue\u00f1o Biologix\u00ae.<\/a> Se trata de un examen pr\u00e1ctico,\nsimple y eficaz que se puede realizar en casa y que est\u00e1 cl\u00ednicamente validado. A la hora de\ndormir, el paciente solo debe colocarse el sensor en el dedo e iniciar el examen en la aplicaci\u00f3n de Biologix. Al despertar la ma\u00f1ana siguiente, con pulsar en \u201cConcluir examen\u201d, el paciente recibir\u00e1 su resultado por correo electr\u00f3nico en cuesti\u00f3n de segundos. Es un an\u00e1lisis respiratorio espec\u00edfico para la apnea del sue\u00f1o.<\/p>\n\n\n\n<p>Por el otro lado, el diagn\u00f3stico puede efectuarse mediante un examen llamado polisomnograf\u00eda. Este es un procedimiento m\u00e1s complejo en el cual el paciente debe pasar la noche en un laboratorio del sue\u00f1o. Se lo monitorea mediante sensores que registran el paso de aire por la nariz y la boca, la oxigenaci\u00f3n sangu\u00ednea, la frecuencia card\u00edaca, la actividad cerebral y el movimiento de t\u00f3rax y miembros.<\/p>\n\n\n\n<p>El tratamiento de la apnea del sue\u00f1o puede incluir aparatos intraorales, dispositivos para auxilio respiratorio e incluso cirug\u00eda para la desobstrucci\u00f3n de las v\u00edas respiratorias superiores.<br>Por lo general, para los casos graves, la mejor indicaci\u00f3n es el CPAP (del ingl\u00e9s Continuous\nPositive Airway Pressure [presi\u00f3n positiva continua en la v\u00eda respiratoria]). Es un aparato que, a trav\u00e9s de una m\u00e1scara nasal o facial, proporciona una presi\u00f3n continua de aire que desobstruye las v\u00edas respiratorias durante todo el per\u00edodo del sue\u00f1o. Hoy en d\u00eda, numerosos estudios respaldan los beneficios del CPAP en pacientes con apnea del sue\u00f1o. Este dispositivo disminuye la presi\u00f3n intrator\u00e1cica, la hipoxia, la acidosis y los despertares, lo que, a su vez, reduce las arritmias card\u00edacas, en especial, la fibrilaci\u00f3n auricular. Adem\u00e1s de mejorar el ronquido, el uso del CPAP reduce el riesgo de problemas cardiovasculares e hipertensi\u00f3n relacionados con la apnea y el ronquido.<\/p>\n\n\n\n<p>Es muy importante reforzar que los h\u00e1bitos de vida saludable y una noche de sue\u00f1o reparadora\nson fundamentales para la salud. Al primer s\u00edntoma que presente, busque orientaci\u00f3n m\u00e9dica para que se efect\u00fae un diagn\u00f3stico y tratamiento temprano.<\/p>\n\n\n\n<p><\/p>\n\n\n\n<p><strong>\u00a1IMPORTANTE! Solo los m\u00e9dicos debidamente calificados pueden diagnosticar enfermedades, indicar tratamientos y recetar medicamentos. La informaci\u00f3n disponible en este blog es solo de car\u00e1cter educativo.<\/strong><\/p>","protected":false},"excerpt":{"rendered":"<p>Ya se sabe lo mucho que los trastornos del sue\u00f1o afectan nuestra calidad de vida y aumentan el enfermedades cardiovasculares. Sin embargo, hoy nos dedicaremos a (...)<\/p>","protected":false},"author":11,"featured_media":2323,"comment_status":"closed","ping_status":"open","sticky":false,"template":"","format":"standard","meta":{"footnotes":""},"categories":[1],"tags":[52,51,23,56,57],"class_list":["post-915","post","type-post","status-publish","format-standard","has-post-thumbnail","hentry","category-paciente","tag-aos","tag-avc","tag-apneia","tag-apneiaobstrutivadosono","tag-derrame"],"aioseo_notices":[],"_links":{"self":[{"href":"https:\/\/www.biologix.com.br\/es\/wp-json\/wp\/v2\/posts\/915","targetHints":{"allow":["GET"]}}],"collection":[{"href":"https:\/\/www.biologix.com.br\/es\/wp-json\/wp\/v2\/posts"}],"about":[{"href":"https:\/\/www.biologix.com.br\/es\/wp-json\/wp\/v2\/types\/post"}],"author":[{"embeddable":true,"href":"https:\/\/www.biologix.com.br\/es\/wp-json\/wp\/v2\/users\/11"}],"replies":[{"embeddable":true,"href":"https:\/\/www.biologix.com.br\/es\/wp-json\/wp\/v2\/comments?post=915"}],"version-history":[{"count":21,"href":"https:\/\/www.biologix.com.br\/es\/wp-json\/wp\/v2\/posts\/915\/revisions"}],"predecessor-version":[{"id":13876,"href":"https:\/\/www.biologix.com.br\/es\/wp-json\/wp\/v2\/posts\/915\/revisions\/13876"}],"wp:featuredmedia":[{"embeddable":true,"href":"https:\/\/www.biologix.com.br\/es\/wp-json\/wp\/v2\/media\/2323"}],"wp:attachment":[{"href":"https:\/\/www.biologix.com.br\/es\/wp-json\/wp\/v2\/media?parent=915"}],"wp:term":[{"taxonomy":"category","embeddable":true,"href":"https:\/\/www.biologix.com.br\/es\/wp-json\/wp\/v2\/categories?post=915"},{"taxonomy":"post_tag","embeddable":true,"href":"https:\/\/www.biologix.com.br\/es\/wp-json\/wp\/v2\/tags?post=915"}],"curies":[{"name":"wp","href":"https:\/\/api.w.org\/{rel}","templated":true}]}}