{"id":9186,"date":"2023-07-17T16:50:42","date_gmt":"2023-07-17T19:50:42","guid":{"rendered":"https:\/\/www.biologix.com.br\/?p=9186"},"modified":"2025-08-12T10:17:28","modified_gmt":"2025-08-12T13:17:28","slug":"diagnostico-da-apneia-do-sono-sem-fios-em-casa","status":"publish","type":"post","link":"https:\/\/www.biologix.com.br\/es\/2023\/07\/17\/diagnostico-da-apneia-do-sono-sem-fios-em-casa\/","title":{"rendered":"Diagn\u00f3stico domiciliario inal\u00e1mbrico de apnea del sue\u00f1o<br><span class='secondary-title'>\u00bfCu\u00e1les son los desaf\u00edos para diagnosticar la apnea del sue\u00f1o?<\/span>"},"content":{"rendered":"<div data-elementor-type=\"wp-post\" data-elementor-id=\"9186\" class=\"elementor elementor-9186\" data-elementor-post-type=\"post\">\n\t\t\t\t<div class=\"elementor-element elementor-element-59d20632 e-flex e-con-boxed e-con e-parent\" data-id=\"59d20632\" data-element_type=\"container\" data-e-type=\"container\">\n\t\t\t\t\t<div class=\"e-con-inner\">\n\t\t\t\t<div class=\"elementor-element elementor-element-3df36cfd elementor-widget elementor-widget-text-editor\" data-id=\"3df36cfd\" data-element_type=\"widget\" data-e-type=\"widget\" data-widget_type=\"text-editor.default\">\n\t\t\t\t<div class=\"elementor-widget-container\">\n\t\t\t\t\t\t\t\t\t<p><\/p>\n<p>El sue\u00f1o forma parte esencial del ciclo de vida humano, y su calidad y duraci\u00f3n cumplen un papel cr\u00edtico en la salud f\u00edsica, mental y social.<\/p>\n<p><\/p>\n<p><\/p><\/div><\/div><\/div><\/div><\/div> <a href=\"https:\/\/www.biologix.com.br\/es\/2023\/07\/17\/diagnostico-da-apneia-do-sono-sem-fios-em-casa\/#more-9186\" class=\"more-link elementor-more-link\"><span aria-label=\"Sigue leyendo Diagn\u00f3stico da apneia do sono sem fios em casaQuais os desafios para o diagn\u00f3stico da apneia do sono?\">(m\u00e1s&hellip;)<\/span><\/a>","protected":false},"excerpt":{"rendered":"<p>El sue\u00f1o forma parte esencial del ciclo de vida humano, y su calidad y duraci\u00f3n cumplen un papel cr\u00edtico en la salud f\u00edsica, mental y social.<\/p>","protected":false},"author":11,"featured_media":9187,"comment_status":"closed","ping_status":"open","sticky":true,"template":"","format":"standard","meta":{"footnotes":""},"categories":[12],"tags":[23,5,25,88,149,29,41,9],"class_list":["post-9186","post","type-post","status-publish","format-standard","has-post-thumbnail","hentry","category-profissional-de-saude","tag-apneia","tag-apneia-do-sono","tag-apneia-obstrutiva-do-sono","tag-exame-do-sono","tag-oximetria-noturna","tag-polissonografia","tag-ronco","tag-sono"],"aioseo_notices":[],"_links":{"self":[{"href":"https:\/\/www.biologix.com.br\/es\/wp-json\/wp\/v2\/posts\/9186","targetHints":{"allow":["GET"]}}],"collection":[{"href":"https:\/\/www.biologix.com.br\/es\/wp-json\/wp\/v2\/posts"}],"about":[{"href":"https:\/\/www.biologix.com.br\/es\/wp-json\/wp\/v2\/types\/post"}],"author":[{"embeddable":true,"href":"https:\/\/www.biologix.com.br\/es\/wp-json\/wp\/v2\/users\/11"}],"replies":[{"embeddable":true,"href":"https:\/\/www.biologix.com.br\/es\/wp-json\/wp\/v2\/comments?post=9186"}],"version-history":[{"count":6,"href":"https:\/\/www.biologix.com.br\/es\/wp-json\/wp\/v2\/posts\/9186\/revisions"}],"predecessor-version":[{"id":13653,"href":"https:\/\/www.biologix.com.br\/es\/wp-json\/wp\/v2\/posts\/9186\/revisions\/13653"}],"wp:featuredmedia":[{"embeddable":true,"href":"https:\/\/www.biologix.com.br\/es\/wp-json\/wp\/v2\/media\/9187"}],"wp:attachment":[{"href":"https:\/\/www.biologix.com.br\/es\/wp-json\/wp\/v2\/media?parent=9186"}],"wp:term":[{"taxonomy":"category","embeddable":true,"href":"https:\/\/www.biologix.com.br\/es\/wp-json\/wp\/v2\/categories?post=9186"},{"taxonomy":"post_tag","embeddable":true,"href":"https:\/\/www.biologix.com.br\/es\/wp-json\/wp\/v2\/tags?post=9186"}],"curies":[{"name":"wp","href":"https:\/\/api.w.org\/{rel}","templated":true}]}}