{"id":934,"date":"2020-03-13T11:16:29","date_gmt":"2020-03-13T14:16:29","guid":{"rendered":"https:\/\/blog.biologix.com.br\/?p=934"},"modified":"2025-08-19T11:55:07","modified_gmt":"2025-08-19T14:55:07","slug":"disturbios-do-sono-causam-arritmia-cardiaca","status":"publish","type":"post","link":"https:\/\/www.biologix.com.br\/es\/2020\/03\/13\/disturbios-do-sono-causam-arritmia-cardiaca\/","title":{"rendered":"Fibrilaci\u00f3n auricular: un tipo de arritmia card\u00edaca que puede originarse a partir de trastornos del sue\u00f1o<br><span class='secondary-title'>\u00bfSabe lo que es la fibrilaci\u00f3n auricular?<\/span>"},"content":{"rendered":"<p>\u00bfAlguna vez escuch\u00f3 hablar sobre la fibrilaci\u00f3n auricular? El t\u00e9rmino puede parecer complicado,\npero, en realidad, \u00a1es muy f\u00e1cil de entender! <\/p>\n\n\n\n<!--more-->\n\n\n\n<p>El coraz\u00f3n necesita latir a un ritmo regular. Le llamamos \u201carritmia\u201d cuando este ritmo se perturba, es decir, cuando el coraz\u00f3n comienza a latir m\u00e1s r\u00e1pido, luego m\u00e1s lento y finalmente\nvuelve a acelerarse. <\/p>\n\n\n\n<p>La fibrilaci\u00f3n auricular es un subtipo muy com\u00fan de arritmia card\u00edaca y esta se caracteriza por la\ncontracci\u00f3n r\u00e1pida e irregular de las aur\u00edculas del coraz\u00f3n. En el a\u00f1o 2014, la Sociedad Brasile\u00f1a\nde Arritmias Card\u00edacas public\u00f3 el art\u00edculo: <strong><a href=\"https:\/\/www.biologix.com.br\/es\/2020\/08\/19\/a-importancia-da-investigacao-de-apneia-do-sono-para-o-cardiologista\/\" target=\"_blank\" rel=\"noreferrer noopener\">\u201c\u00bfQui\u00e9n es el especialista en arritmias card\u00edacas?\u201d<\/a> <\/strong>(fuente: <a href=\"https:\/\/sobrac.org\/).\">https:\/\/sobrac.org\/).<\/a> Dicha publicaci\u00f3n indic\u00f3 que la fibrilaci\u00f3n auricular es uno de los tipos m\u00e1s frecuentes de arritmia card\u00edaca en el mundo. Con un \u00edndice de 2,5% en la poblaci\u00f3n, este tipo de problema cardiovascular afecta a 175 millones de personas. <\/p>\n\n\n\n<p>Se trata de una enfermedad silenciosa con pocos s\u00edntomas espec\u00edficos. La peor consecuencia que\nesta puede acarrear es el riesgo de accidente cerebrovascular (ACV). No obstante, los pacientes\nque sufren de este tipo de arritmia suelen sentir cansancio, falta de aire y el coraz\u00f3n latiendo con\nmucha intensidad. <\/p>\n\n\n\n<p>Algunos de los factores de riesgo de la fibrilaci\u00f3n auricular son:<\/p>\n\n\n\n<ul class=\"wp-block-list\">\n<li>Tabaquismo.<\/li>\n\n\n\n<li>Sedentarismo.<\/li>\n\n\n\n<li>Consumo de bebidas alcoh\u00f3licas.<\/li>\n\n\n\n<li><a href=\"https:\/\/www.biologix.com.br\/es\/2020\/06\/15\/tipos-de-apneia-do-sono\/\" target=\"_blank\" rel=\"noreferrer noopener\">Apnea del sue\u00f1o.<\/a><\/li>\n\n\n\n<li>Estr\u00e9s, entre otros. <\/li>\n<\/ul>\n\n\n\t\t<div data-elementor-type=\"section\" data-elementor-id=\"587\" class=\"elementor elementor-587\" data-elementor-post-type=\"elementor_library\">\n\t\t\t\t\t<section class=\"elementor-section elementor-top-section elementor-element elementor-element-4d0649a elementor-section-boxed elementor-section-height-default elementor-section-height-default\" data-id=\"4d0649a\" data-element_type=\"section\" data-e-type=\"section\">\n\t\t\t\t\t\t<div class=\"elementor-container elementor-column-gap-default\">\n\t\t\t\t\t<div class=\"elementor-column elementor-col-100 elementor-top-column elementor-element elementor-element-9d36ab1\" data-id=\"9d36ab1\" data-element_type=\"column\" data-e-type=\"column\">\n\t\t\t<div class=\"elementor-widget-wrap elementor-element-populated\">\n\t\t\t\t\t\t<div class=\"elementor-element elementor-element-c0177f3 elementor-widget elementor-widget-html\" data-id=\"c0177f3\" data-element_type=\"widget\" data-e-type=\"widget\" data-widget_type=\"html.default\">\n\t\t\t\t<div class=\"elementor-widget-container\">\n\t\t\t\t\t<div role=\"main\" id=\"site-inscricao-receber-conteudo-66a2c8b9048f99353f18\"><\/div><script type=\"text\/javascript\" src=\"https:\/\/d335luupugsy2.cloudfront.net\/js\/rdstation-forms\/stable\/rdstation-forms.min.js\"><\/script><script type=\"text\/javascript\"> new RDStationForms('site-inscricao-receber-conteudo-66a2c8b9048f99353f18', 'UA-128422573-1').createForm();<\/script>\t\t\t\t<\/div>\n\t\t\t\t<\/div>\n\t\t\t\t\t<\/div>\n\t\t<\/div>\n\t\t\t\t\t<\/div>\n\t\t<\/section>\n\t\t\t\t<\/div>\n\t\t\n\n\n\n<p>Probablemente se est\u00e9 preguntando por qu\u00e9 estamos hablando de todo esto. Es porque el\ntrastorno del sue\u00f1o conocido como Apnea Obstructiva del Sue\u00f1o (AOS) puede causar arritmia card\u00edaca. Entonces, aquellas personas que no tienen una buena calidad de sue\u00f1o, \u00a1pueden estar poniendo en riesgo su salud! <\/p>\n\n\n\n<h2 class=\"wp-block-heading\">\u00bfSab\u00eda que la apnea del sue\u00f1o puede llevar a la fibrilaci\u00f3n auricular?<\/h2>\n\n\n\n<p>En el a\u00f1o 2009, la Sociedad Brasile\u00f1a de Cardiolog\u00eda public\u00f3 un art\u00edculo titulado <a href=\"https:\/\/www.biologix.com.br\/es\/2020\/08\/19\/a-importancia-da-investigacao-de-apneia-do-sono-para-o-cardiologista\/\" target=\"_blank\" rel=\"noreferrer noopener\"><strong>\u201cLa apnea obstructiva del sue\u00f1o y las enfermedades cardiovasculares\u201d<\/strong>,<\/a> (fuente: <a href=\"http:\/\/www.revistaneurociencias.com.br\/).\">http:\/\/www.revistaneurociencias.com.br\/).<\/a>Este art\u00edculo explora c\u00f3mo la apnea del sue\u00f1o es un factor de riesgo para el desarrollo de fibrilaci\u00f3n auricular. Tambi\u00e9n menciona el hecho de que\nuna apnea moderada o grave cuadriplica el riesgo de este tipo de arritmia. <\/p>\n\n\n\n<p>Los pacientes que sufren de apnea del sue\u00f1o pueden experimentar arritmia card\u00edaca. Esto se debe a que la respiraci\u00f3n se intensifica a causa de la obstrucci\u00f3n de las v\u00edas respiratorias durante el sue\u00f1o, la baja saturaci\u00f3n de ox\u00edgeno en sangre y los breves despertares nocturnos para poder respirar. La oscilaci\u00f3n entre el sistema nervioso simp\u00e1tico y parasimp\u00e1tico del paciente a lo largo del sue\u00f1o posibilita la aparici\u00f3n de arritmias. <\/p>\n\n\n\n<p>Las primeras se\u00f1ales se manifiestan a trav\u00e9s de\nronquidos, pausas en la respiraci\u00f3n y fragmentaci\u00f3n del sue\u00f1o. En consecuencia, estos s\u00edntomas desencadenan inconvenientes durante el d\u00eda, entre ellos la somnolencia diurna excesiva, alteraciones cognitivas (como la falta de productividad debido a dificultades de concentraci\u00f3n y memoria), y dolor de cabeza al despertarse. En el caso de que presente estos s\u00edntomas, su m\u00e9dico podr\u00e1 diagnosticarle de forma adecuada mediante ex\u00e1menes de monitoreo del sue\u00f1o.<\/p>\n\n\n\n<figure class=\"wp-block-embed is-type-video is-provider-youtube wp-block-embed-youtube wp-embed-aspect-16-9 wp-has-aspect-ratio\"><div class=\"wp-block-embed__wrapper\">\n<iframe title=\"Biologix| Dist\u00farbios do sono causam arritmia card\u00edaca\" width=\"843\" height=\"474\" src=\"https:\/\/www.youtube.com\/embed\/N5Gk9xb89Yk?feature=oembed\" frameborder=\"0\" allow=\"accelerometer; autoplay; clipboard-write; encrypted-media; gyroscope; picture-in-picture; web-share\" referrerpolicy=\"strict-origin-when-cross-origin\" allowfullscreen><\/iframe>\n<\/div><\/figure>\n\n\n\n<p>Por un lado, una opci\u00f3n es el<a href=\"https:\/\/www.biologix.com.br\/es\/2020\/09\/10\/em-ano-de-pandemia-exames-do-sono-biologix-crescem-236\/\" target=\"_blank\" rel=\"noreferrer noopener\"> Examen del Sue\u00f1o Biologix\u00ae<\/a>, un examen pr\u00e1ctico, simple y eficaz que se\npuede realizar en casa y que est\u00e1 cl\u00ednicamente validado. Solo es necesario colocar el sensor en el\ndedo antes de dormir e iniciar el Examen en la aplicaci\u00f3n de Biologix. Al despertar la ma\u00f1ana\nsiguiente, con pulsar en \u201cConcluir examen\u201d, el paciente recibir\u00e1 su resultado por correo\nelectr\u00f3nico en cuesti\u00f3n de segundos. <\/p>\n\n\n\n<p>Por el otro lado, el diagn\u00f3stico puede efectuarse mediante un examen llamado polisomnograf\u00eda.\nEste es un procedimiento m\u00e1s complejo en el cual el paciente debe pasar la noche en un laboratorio del sue\u00f1o. Se lo monitorea mediante sensores que registran el paso de aire por la nariz y la boca, la oxigenaci\u00f3n sangu\u00ednea, la frecuencia card\u00edaca, la actividad cerebral y el movimiento de t\u00f3rax y miembros.<\/p>\n\n\n\n<p>\u00bfC\u00f3mo debe tratarse? Si le diagnosticaron <a href=\"https:\/\/www.biologix.com.br\/es\/2024\/09\/16\/fibrilacao-atrial-e-a-relacao-com-apneia-obstrutiva-do-sono\/\" title=\"\">fibrilaci\u00f3n auricular<\/a> originada a ra\u00edz de la apnea del sue\u00f1o, el tratamiento puede implicar, adem\u00e1s de medicamentos y cirug\u00eda, cambios en el estilo de vida. Sin embargo, cuando hablamos de casos m\u00e1s severos de apnea del sue\u00f1o, el tratamiento puede incluir aparatos intraorales, dispositivos para auxilio respiratorio e incluso cirug\u00eda para la desobstrucci\u00f3n de las v\u00edas respiratorias superiores.<\/p>\n\n\n\n<p>Por lo general, para los casos graves, la mejor indicaci\u00f3n es el CPAP (del ingl\u00e9s Continuous\nPositive Airway Pressure [presi\u00f3n positiva continua en la v\u00eda respiratoria]). Es un aparato que, a trav\u00e9s de una m\u00e1scara nasal o facial, proporciona una presi\u00f3n continua de aire que desobstruye las v\u00edas respiratorias durante todo el per\u00edodo del sue\u00f1o. Hoy en d\u00eda, numerosos estudios respaldan los beneficios del CPAP en pacientes con apnea del sue\u00f1o. Este dispositivo disminuye la presi\u00f3n intrator\u00e1cica, la hipoxia, la acidosis y los despertares, lo que, a su vez, reduce las arritmias card\u00edacas, en especial, la fibrilaci\u00f3n auricular. Adem\u00e1s de mejorar el ronquido, el uso del CPAP reduce el riesgo de problemas cardiovasculares e hipertensi\u00f3n relacionados con la apnea y el ronquido.<\/p>\n\n\n\n<p>\u00a1No pierda tiempo, cu\u00eddese!<\/p>\n\n\n\t\t<div data-elementor-type=\"section\" data-elementor-id=\"3414\" class=\"elementor elementor-3414\" data-elementor-post-type=\"elementor_library\">\n\t\t\t\t\t<section class=\"elementor-section elementor-top-section elementor-element elementor-element-bba2a7b elementor-section-boxed elementor-section-height-default elementor-section-height-default\" data-id=\"bba2a7b\" data-element_type=\"section\" data-e-type=\"section\">\n\t\t\t\t\t\t<div class=\"elementor-container elementor-column-gap-default\">\n\t\t\t\t\t<div class=\"elementor-column elementor-col-100 elementor-top-column elementor-element elementor-element-a39b97d\" data-id=\"a39b97d\" data-element_type=\"column\" data-e-type=\"column\">\n\t\t\t<div class=\"elementor-widget-wrap elementor-element-populated\">\n\t\t\t\t\t\t<div class=\"elementor-element elementor-element-7b06e35 elementor-widget elementor-widget-button\" data-id=\"7b06e35\" data-element_type=\"widget\" data-e-type=\"widget\" data-widget_type=\"button.default\">\n\t\t\t\t<div class=\"elementor-widget-container\">\n\t\t\t\t\t\t\t\t\t<div class=\"elementor-button-wrapper\">\n\t\t\t\t\t<a class=\"elementor-button elementor-button-link elementor-size-sm\" href=\"https:\/\/www.biologix.com.br\/es\/paciente\/#busca-centros\" id=\"buscar-centro-credenciado\">\n\t\t\t\t\t\t<span class=\"elementor-button-content-wrapper\">\n\t\t\t\t\t\t\t\t\t<span class=\"elementor-button-text\">Buscar un centro acreditado<\/span>\n\t\t\t\t\t<\/span>\n\t\t\t\t\t<\/a>\n\t\t\t\t<\/div>\n\t\t\t\t\t\t\t\t<\/div>\n\t\t\t\t<\/div>\n\t\t\t\t\t<\/div>\n\t\t<\/div>\n\t\t\t\t\t<\/div>\n\t\t<\/section>\n\t\t\t\t<\/div>\n\t\t\n\n\n\n<p><\/p>\n\n\n\n<p><strong>\u00a1IMPORTANTE! Solo los m\u00e9dicos debidamente calificados pueden diagnosticar enfermedades<br>, indicar tratamientos y recetar medicamentos. La informaci\u00f3n disponible en este blog es solo de car\u00e1cter educativo.<\/strong><\/p>","protected":false},"excerpt":{"rendered":"<p>\u00bfAlguna vez escuch\u00f3 hablar sobre la fibrilaci\u00f3n auricular? El t\u00e9rmino puede parecer complicado,\npero, en realidad, \u00a1es muy f\u00e1cil de entender!<\/p>","protected":false},"author":11,"featured_media":2322,"comment_status":"closed","ping_status":"open","sticky":false,"template":"","format":"standard","meta":{"footnotes":""},"categories":[1],"tags":[51,23,5,59,60,29],"class_list":["post-934","post","type-post","status-publish","format-standard","has-post-thumbnail","hentry","category-paciente","tag-avc","tag-apneia","tag-apneia-do-sono","tag-arritmia","tag-fibrilacao-atrial","tag-polissonografia"],"aioseo_notices":[],"_links":{"self":[{"href":"https:\/\/www.biologix.com.br\/es\/wp-json\/wp\/v2\/posts\/934","targetHints":{"allow":["GET"]}}],"collection":[{"href":"https:\/\/www.biologix.com.br\/es\/wp-json\/wp\/v2\/posts"}],"about":[{"href":"https:\/\/www.biologix.com.br\/es\/wp-json\/wp\/v2\/types\/post"}],"author":[{"embeddable":true,"href":"https:\/\/www.biologix.com.br\/es\/wp-json\/wp\/v2\/users\/11"}],"replies":[{"embeddable":true,"href":"https:\/\/www.biologix.com.br\/es\/wp-json\/wp\/v2\/comments?post=934"}],"version-history":[{"count":17,"href":"https:\/\/www.biologix.com.br\/es\/wp-json\/wp\/v2\/posts\/934\/revisions"}],"predecessor-version":[{"id":13875,"href":"https:\/\/www.biologix.com.br\/es\/wp-json\/wp\/v2\/posts\/934\/revisions\/13875"}],"wp:featuredmedia":[{"embeddable":true,"href":"https:\/\/www.biologix.com.br\/es\/wp-json\/wp\/v2\/media\/2322"}],"wp:attachment":[{"href":"https:\/\/www.biologix.com.br\/es\/wp-json\/wp\/v2\/media?parent=934"}],"wp:term":[{"taxonomy":"category","embeddable":true,"href":"https:\/\/www.biologix.com.br\/es\/wp-json\/wp\/v2\/categories?post=934"},{"taxonomy":"post_tag","embeddable":true,"href":"https:\/\/www.biologix.com.br\/es\/wp-json\/wp\/v2\/tags?post=934"}],"curies":[{"name":"wp","href":"https:\/\/api.w.org\/{rel}","templated":true}]}}