{"id":945,"date":"2020-03-13T11:20:54","date_gmt":"2020-03-13T14:20:54","guid":{"rendered":"https:\/\/blog.biologix.com.br\/?p=945"},"modified":"2025-08-19T11:54:07","modified_gmt":"2025-08-19T14:54:07","slug":"apneia-do-sono-e-doencas-cardiovasculares","status":"publish","type":"post","link":"https:\/\/www.biologix.com.br\/es\/2020\/03\/13\/apneia-do-sono-e-doencas-cardiovasculares\/","title":{"rendered":"Apnea del sue\u00f1o y enfermedades cardiovasculares<br><span class='secondary-title'>Entienda la relaci\u00f3n entre apnea del sue\u00f1o y enfermedad arterial coronaria<\/span>"},"content":{"rendered":"<p>La apnea del sue\u00f1o impacta de diferentes formas en la salud, incluido el sistema cardiovascular. \u00bfQuiere conocer m\u00e1s detalles? Siga leyendo.<\/p>\n\n\n\n<!--more-->\n\n\n\n<p class=\"translation-block\">La apnea obstructiva del sue\u00f1o (AOS) es una enfermedad muy com\u00fan. Se caracteriza por la obstrucci\u00f3n de las v\u00edas respiratorias superiores durante el sue\u00f1o, lo que provoca disminuci\u00f3n en la saturaci\u00f3n de ox\u00edgeno en sangre y despertares breves para recuperar la respiraci\u00f3n. Sus principales manifestaciones incluyen ronquido intenso y frecuente, pausas respiratorias, fragmentaci\u00f3n del sue\u00f1o y, como consecuencia, s\u00edntomas diurnos incapacitantes, entre ellos somnolencia excesiva, alteraciones cognitivas (problemas de memoria, dificultad para concentrarse, disminuci\u00f3n de la productividad laboral) y dolor de cabeza al despertar.<\/p>\n\n\n<p><!--StartFragment--><\/p>\n\n\n<p>Entre las enfermedades asociadas a la apnea del sue\u00f1o se encuentra la enfermedad arterial coronaria. \u00bfSabe de qu\u00e9 se trata? <\/p>\n\n\n\n<h2 class=\"wp-block-heading\">La enfermedad arterial coronaria y su relaci\u00f3n con la apnea del sue\u00f1o<\/h2>\n\n\n\n<p class=\"translation-block\">Seg\u00fan la Organizaci\u00f3n Mundial de la Salud, las enfermedades cardiovasculares representan la principal causa de muerte en el mundo, con m\u00e1s de 17 millones de personas fallecidas al a\u00f1o. Dentro de ellas se incluye la enfermedad arterial coronaria, que corresponde a un da\u00f1o en los principales vasos sangu\u00edneos del coraz\u00f3n. Las arterias coronarias forman la circulaci\u00f3n coronaria. Estas pueden obstruirse por placas de grasa que se depositan en su interior y reducen su di\u00e1metro, lo que limita el flujo sangu\u00edneo hacia el coraz\u00f3n.<\/p>\n\n\n\n<p>La enfermedad arterial coronaria es muy com\u00fan. En algunos casos no provoca s\u00edntomas, mientras que en otros puede generar dolor en el pecho o incluso un infarto. <\/p>\n\n\n\n<p class=\"translation-block\">De acuerdo con el art\u00edculo <strong>S\u00edndrome de apnea del sue\u00f1o y enfermedades cardiovasculares<\/strong>, publicado en la revista brasile\u00f1a Neuroci\u00eancias en 2014 (http:\/\/www.revistaneurociencias.com.br\/), se estima que el 25% de los pacientes con apnea del sue\u00f1o presenta enfermedad arterial coronaria, con una prevalencia m\u00e1s alta en quienes tienen apnea moderada o grave.<\/p>\n\n\n\n<p>El diagn\u00f3stico se obtiene mediante un an\u00e1lisis del sue\u00f1o. Una alternativa simple y pr\u00e1ctica para realizar este an\u00e1lisis es el Examen del Sue\u00f1o Biologix\u00ae, que se realiza en el domicilio. Solo necesita colocar el sensor Oxistar, un ox\u00edmetro de alta resoluci\u00f3n, en el dedo antes de dormir e iniciar el examen desde la aplicaci\u00f3n Biologix. A la ma\u00f1ana siguiente, al pulsar \u201cConcluir examen\u201d, obtendr\u00e1 el resultado en segundos. Este examen permite evaluar la apnea del sue\u00f1o.<\/p>\n\n\n\n<p><\/p>\n\n\n\t\t<div data-elementor-type=\"section\" data-elementor-id=\"587\" class=\"elementor elementor-587\" data-elementor-post-type=\"elementor_library\">\n\t\t\t\t\t<section class=\"elementor-section elementor-top-section elementor-element elementor-element-4d0649a elementor-section-boxed elementor-section-height-default elementor-section-height-default\" data-id=\"4d0649a\" data-element_type=\"section\" data-e-type=\"section\">\n\t\t\t\t\t\t<div class=\"elementor-container elementor-column-gap-default\">\n\t\t\t\t\t<div class=\"elementor-column elementor-col-100 elementor-top-column elementor-element elementor-element-9d36ab1\" data-id=\"9d36ab1\" data-element_type=\"column\" data-e-type=\"column\">\n\t\t\t<div class=\"elementor-widget-wrap elementor-element-populated\">\n\t\t\t\t\t\t<div class=\"elementor-element elementor-element-c0177f3 elementor-widget elementor-widget-html\" data-id=\"c0177f3\" data-element_type=\"widget\" data-e-type=\"widget\" data-widget_type=\"html.default\">\n\t\t\t\t<div class=\"elementor-widget-container\">\n\t\t\t\t\t<div role=\"main\" id=\"site-inscricao-receber-conteudo-66a2c8b9048f99353f18\"><\/div><script type=\"text\/javascript\" src=\"https:\/\/d335luupugsy2.cloudfront.net\/js\/rdstation-forms\/stable\/rdstation-forms.min.js\"><\/script><script type=\"text\/javascript\"> new RDStationForms('site-inscricao-receber-conteudo-66a2c8b9048f99353f18', 'UA-128422573-1').createForm();<\/script>\t\t\t\t<\/div>\n\t\t\t\t<\/div>\n\t\t\t\t\t<\/div>\n\t\t<\/div>\n\t\t\t\t\t<\/div>\n\t\t<\/section>\n\t\t\t\t<\/div>\n\t\t\n\n\n\n<p>Tambi\u00e9n existe la polisomnograf\u00eda, un estudio m\u00e1s completo que requiere dormir en un laboratorio del sue\u00f1o. All\u00ed se utilizan sensores para registrar el flujo de aire por nariz y boca, la  oxigenaci\u00f3n, la frecuencia card\u00edaca, la actividad cerebral y los movimientos de t\u00f3rax y miembros.<\/p>\n\n\n\n<p>\u00bfCu\u00e1l es el tratamiento indicado? En pacientes diagnosticados con apnea del sue\u00f1o, el tratamiento busca controlar los s\u00edntomas y reducir el riesgo cardiovascular. Requiere un abordaje multidisciplinario y depende del grado de apnea. Puede incluir p\u00e9rdida de peso, dispositivos intraorales y\/o CPAP (un aparato que genera flujo de aire y mantiene las v\u00edas respiratorias abiertas). Adem\u00e1s, todos los pacientes con apnea del sue\u00f1o deben adoptar h\u00e1bitos m\u00e1s saludables para mejorar su calidad de vida. <\/p>\n\n\n\n<p>Algunas recomendaciones para \u201ccaer en los brazos de Morfeo\u201d (expresi\u00f3n popular que alude al dios griego de los sue\u00f1os) son: <\/p>\n\n\n\n<ul class=\"wp-block-list\">\n<li>Mantener una buena higiene del sue\u00f1o.<\/li>\n\n\n\n<li>Bajar de peso.<\/li>\n\n\n\n<li>Practicar actividad f\u00edsica.<\/li>\n\n\n\n<li>Evitar drogas, alcohol y cigarrillo. <\/li>\n<\/ul>\n\n\n\t\t<div data-elementor-type=\"section\" data-elementor-id=\"3414\" class=\"elementor elementor-3414\" data-elementor-post-type=\"elementor_library\">\n\t\t\t\t\t<section class=\"elementor-section elementor-top-section elementor-element elementor-element-bba2a7b elementor-section-boxed elementor-section-height-default elementor-section-height-default\" data-id=\"bba2a7b\" data-element_type=\"section\" data-e-type=\"section\">\n\t\t\t\t\t\t<div class=\"elementor-container elementor-column-gap-default\">\n\t\t\t\t\t<div class=\"elementor-column elementor-col-100 elementor-top-column elementor-element elementor-element-a39b97d\" data-id=\"a39b97d\" data-element_type=\"column\" data-e-type=\"column\">\n\t\t\t<div class=\"elementor-widget-wrap elementor-element-populated\">\n\t\t\t\t\t\t<div class=\"elementor-element elementor-element-7b06e35 elementor-widget elementor-widget-button\" data-id=\"7b06e35\" data-element_type=\"widget\" data-e-type=\"widget\" data-widget_type=\"button.default\">\n\t\t\t\t<div class=\"elementor-widget-container\">\n\t\t\t\t\t\t\t\t\t<div class=\"elementor-button-wrapper\">\n\t\t\t\t\t<a class=\"elementor-button elementor-button-link elementor-size-sm\" href=\"https:\/\/www.biologix.com.br\/es\/paciente\/#busca-centros\" id=\"buscar-centro-credenciado\">\n\t\t\t\t\t\t<span class=\"elementor-button-content-wrapper\">\n\t\t\t\t\t\t\t\t\t<span class=\"elementor-button-text\">Buscar un centro acreditado<\/span>\n\t\t\t\t\t<\/span>\n\t\t\t\t\t<\/a>\n\t\t\t\t<\/div>\n\t\t\t\t\t\t\t\t<\/div>\n\t\t\t\t<\/div>\n\t\t\t\t\t<\/div>\n\t\t<\/div>\n\t\t\t\t\t<\/div>\n\t\t<\/section>\n\t\t\t\t<\/div>\n\t\t\n\n\n\n<p><\/p>\n\n\n\n<p><strong>\u00a1IMPORTANTE! Solo los m\u00e9dicos debidamente calificados pueden diagnosticar enfermedades, indicar tratamientos y recetar medicamentos. La informaci\u00f3n disponible en este blog es solo de car\u00e1cter educativo.<\/strong><\/p>","protected":false},"excerpt":{"rendered":"<p>La apnea del sue\u00f1o impacta de diferentes formas en la salud, incluido el sistema cardiovascular. \u00bfQuiere conocer m\u00e1s detalles? Siga leyendo.<\/p>","protected":false},"author":11,"featured_media":2321,"comment_status":"closed","ping_status":"open","sticky":false,"template":"","format":"standard","meta":{"footnotes":""},"categories":[1],"tags":[23,5,25,65,64],"class_list":["post-945","post","type-post","status-publish","format-standard","has-post-thumbnail","hentry","category-paciente","tag-apneia","tag-apneia-do-sono","tag-apneia-obstrutiva-do-sono","tag-doenca-arterial-coronariana","tag-sistema-cardiovascular"],"aioseo_notices":[],"_links":{"self":[{"href":"https:\/\/www.biologix.com.br\/es\/wp-json\/wp\/v2\/posts\/945","targetHints":{"allow":["GET"]}}],"collection":[{"href":"https:\/\/www.biologix.com.br\/es\/wp-json\/wp\/v2\/posts"}],"about":[{"href":"https:\/\/www.biologix.com.br\/es\/wp-json\/wp\/v2\/types\/post"}],"author":[{"embeddable":true,"href":"https:\/\/www.biologix.com.br\/es\/wp-json\/wp\/v2\/users\/11"}],"replies":[{"embeddable":true,"href":"https:\/\/www.biologix.com.br\/es\/wp-json\/wp\/v2\/comments?post=945"}],"version-history":[{"count":21,"href":"https:\/\/www.biologix.com.br\/es\/wp-json\/wp\/v2\/posts\/945\/revisions"}],"predecessor-version":[{"id":13874,"href":"https:\/\/www.biologix.com.br\/es\/wp-json\/wp\/v2\/posts\/945\/revisions\/13874"}],"wp:featuredmedia":[{"embeddable":true,"href":"https:\/\/www.biologix.com.br\/es\/wp-json\/wp\/v2\/media\/2321"}],"wp:attachment":[{"href":"https:\/\/www.biologix.com.br\/es\/wp-json\/wp\/v2\/media?parent=945"}],"wp:term":[{"taxonomy":"category","embeddable":true,"href":"https:\/\/www.biologix.com.br\/es\/wp-json\/wp\/v2\/categories?post=945"},{"taxonomy":"post_tag","embeddable":true,"href":"https:\/\/www.biologix.com.br\/es\/wp-json\/wp\/v2\/tags?post=945"}],"curies":[{"name":"wp","href":"https:\/\/api.w.org\/{rel}","templated":true}]}}