{"id":955,"date":"2020-03-13T11:23:11","date_gmt":"2020-03-13T14:23:11","guid":{"rendered":"https:\/\/blog.biologix.com.br\/?p=955"},"modified":"2025-08-19T11:53:17","modified_gmt":"2025-08-19T14:53:17","slug":"hipertensao-arterial-induzida-por-apneia-do-sono","status":"publish","type":"post","link":"https:\/\/www.biologix.com.br\/es\/2020\/03\/13\/hipertensao-arterial-induzida-por-apneia-do-sono\/","title":{"rendered":"Hipertensi\u00f3n arterial inducida por apnea del sue\u00f1o<br><span class='secondary-title'>Entienda la relaci\u00f3n entre la apnea del sue\u00f1o y la hipertensi\u00f3n arterial<\/span>"},"content":{"rendered":"<p>\u00bfCu\u00e1l es la relaci\u00f3n entre la hipertensi\u00f3n arterial y la apnea del sue\u00f1o? Para poder entender esta\nrelaci\u00f3n, iremos paso a paso. Primero hablemos un poco de la <a href=\"https:\/\/www.biologix.com.br\/es\/2020\/06\/15\/tipos-de-apneia-do-sono\/\" target=\"_blank\" rel=\"noreferrer noopener\">apnea obstructiva del sue\u00f1o (AOS).<\/a> <\/p>\n\n\n\n<p>La apnea obstructiva del sue\u00f1o es un s\u00edndrome muy com\u00fan, pero poco conocido. Se caracteriza por la obstrucci\u00f3n de las v\u00edas a\u00e9reas superiores durante el sue\u00f1o. Por lo general, esta obstrucci\u00f3n va acompa\u00f1ada de una baja saturaci\u00f3n de ox\u00edgeno en sangre, seguida de un breve despertar durante la noche para poder respirar. <\/p>\n\n\n\n<p>Las manifestaciones principales que ocurren durante el sue\u00f1o incluyen <a href=\"https:\/\/www.biologix.com.br\/es\/2020\/02\/05\/ronco-alto-e-frequente-entenda-como-o-ronco-pode-afetar-a-sua-qualidade-de-vida\/\" target=\"_blank\" rel=\"noreferrer noopener\">ronquido<\/a>, pausas en la respiraci\u00f3n y fragmentaci\u00f3n del sue\u00f1o. Estos pueden llevar a problemas diurnos (<a href=\"https:\/\/www.biologix.com.br\/es\/2020\/02\/05\/sonolencia-e-cansaco-diurno-confira-algumas-doencas-que-causam-cansaco-em-excesso\/\" target=\"_blank\" rel=\"noreferrer noopener\">somnolencia diurna excesiva<\/a>, fatiga, dolor de cabeza, cambios de humor) y\nalteraciones cognitivas (<a href=\"https:\/\/www.biologix.com.br\/es\/2020\/02\/05\/dificuldade-de-concentracao-o-que-pode-ser-e-o-que-fazer\/\" target=\"_blank\" rel=\"noreferrer noopener\">dificultades de concentraci\u00f3n y memoria<\/a>). &nbsp;&nbsp;Se voc\u00ea possui esses sintomas, o m\u00e9dico poder\u00e1 solicitar <a href=\"https:\/\/www.biologix.com.br\/es\/2020\/09\/10\/em-ano-de-pandemia-exames-do-sono-biologix-crescem-236\/\" target=\"_blank\" rel=\"noreferrer noopener\">ex\u00e1menes para monitorear su sue\u00f1o <\/a>y realizar un diagn\u00f3stico. <\/p>\n\n\n\n<!--more-->\n\n\n\n<p>Por un lado, una opci\u00f3n es el <a href=\"https:\/\/www.biologix.com.br\/es\/2020\/09\/28\/seis-meses-de-pandemia-ronco-apneia-e-disturbios-do-sono-mais-evidentes\/\" target=\"_blank\" rel=\"noreferrer noopener\">Biologix\u00ae Sleep Test<\/a> . Se trata de un examen pr\u00e1ctico, simple y eficaz que se puede realizar en casa y que est\u00e1 cl\u00ednicamente validado. A la hora de dormir, el paciente solo debe colocarse el sensor en el dedo e iniciar el examen en la aplicaci\u00f3n de Biologix. Al despertar la ma\u00f1ana siguiente, con pulsar en \u201cConcluir examen\u201d, el paciente recibir\u00e1 su resultado por correo electr\u00f3nico en cuesti\u00f3n de segundos.<\/p>\n\n\n\n<p>Tambi\u00e9n existe la polisomnograf\u00eda, un estudio m\u00e1s completo que requiere dormir en un laboratorio del sue\u00f1o. All\u00ed se utilizan sensores para registrar el flujo de aire por nariz y boca, la oxigenaci\u00f3n, la frecuencia card\u00edaca, la actividad cerebral y los movimientos de t\u00f3rax y miembros.<\/p>\n\n\n\t\t<div data-elementor-type=\"section\" data-elementor-id=\"587\" class=\"elementor elementor-587\" data-elementor-post-type=\"elementor_library\">\n\t\t\t\t\t<section class=\"elementor-section elementor-top-section elementor-element elementor-element-4d0649a elementor-section-boxed elementor-section-height-default elementor-section-height-default\" data-id=\"4d0649a\" data-element_type=\"section\" data-e-type=\"section\">\n\t\t\t\t\t\t<div class=\"elementor-container elementor-column-gap-default\">\n\t\t\t\t\t<div class=\"elementor-column elementor-col-100 elementor-top-column elementor-element elementor-element-9d36ab1\" data-id=\"9d36ab1\" data-element_type=\"column\" data-e-type=\"column\">\n\t\t\t<div class=\"elementor-widget-wrap elementor-element-populated\">\n\t\t\t\t\t\t<div class=\"elementor-element elementor-element-c0177f3 elementor-widget elementor-widget-html\" data-id=\"c0177f3\" data-element_type=\"widget\" data-e-type=\"widget\" data-widget_type=\"html.default\">\n\t\t\t\t<div class=\"elementor-widget-container\">\n\t\t\t\t\t<div role=\"main\" id=\"site-inscricao-receber-conteudo-66a2c8b9048f99353f18\"><\/div><script type=\"text\/javascript\" src=\"https:\/\/d335luupugsy2.cloudfront.net\/js\/rdstation-forms\/stable\/rdstation-forms.min.js\"><\/script><script type=\"text\/javascript\"> new RDStationForms('site-inscricao-receber-conteudo-66a2c8b9048f99353f18', 'UA-128422573-1').createForm();<\/script>\t\t\t\t<\/div>\n\t\t\t\t<\/div>\n\t\t\t\t\t<\/div>\n\t\t<\/div>\n\t\t\t\t\t<\/div>\n\t\t<\/section>\n\t\t\t\t<\/div>\n\t\t\n\n\n\n<h2 class=\"wp-block-heading\">La apnea del sue\u00f1o y la hipertensi\u00f3n arterial<\/h2>\n\n\n\n<p>En el a\u00f1o 2009, la Sociedad Brasile\u00f1a de Cardiolog\u00eda public\u00f3 un art\u00edculo titulado <strong>\u201cApnea del sue\u00f1o e hipertensi\u00f3n arterial sist\u00e9mica\"<\/strong>(fuente: <a href=\"https:\/\/www.portal.cardiol.br\/\">https:\/\/www.portal.cardiol.br\/<\/a>). Dicho art\u00edculo habla de c\u00f3mo la apnea obstructiva del sue\u00f1o se presenta en m\u00e1s de un tercio de los pacientes con hipertensi\u00f3n arterial sist\u00e9mica. Esto se debe no solo a los factores de riesgo que tienen en com\u00fan, como la obesidad, el sedentarismo y la edad, sino que tambi\u00e9n al hecho de que la apnea contribuye a la aparici\u00f3n de la hipertensi\u00f3n. <\/p>\n\n\n\n<p>Se llevaron a cabo varios estudios con pacientes que poseen la presi\u00f3n dentro de los patrones\nnormales. Uno de los hallazgos es que aquellos pacientes con apnea obstructiva del sue\u00f1o presentan aumentos de presi\u00f3n arterial repetitivos. Estos sea asocian a los episodios de apnea, y a menudo se los consideraba como <em>non-dippers<\/em>, es decir, que no presentan un descenso en la\npresi\u00f3n arterial durante los per\u00edodos de sue\u00f1o y vigilia. Este padr\u00f3n se considera como de riesgo\naumentado para el surgimiento de enfermedades cardiovasculares. <\/p>\n\n\n\n<p>La apnea del sue\u00f1o puede causar hipertensi\u00f3n arterial. La ca\u00edda de ox\u00edgeno, el aumento del\ndi\u00f3xido de carbono y el aumento de la presi\u00f3n negativa intrator\u00e1cica pueden afectar a la\nregulaci\u00f3n de presi\u00f3n arterial mediante mecanismos hormonales y neurotransmisores. Existe evidencia de que los pacientes con apnea del sue\u00f1o tienen una actividad aumentada de la adrenalina, disminuci\u00f3n de sensibilidad en los barorreceptores, aumento en la respuesta vascular y alteraci\u00f3n en el metabolismo de la sal y el agua.<\/p>\n\n\n\n<p>La hipertensi\u00f3n arterial sist\u00e9mica es una enfermedad cr\u00f3nica en la cual la presi\u00f3n sangu\u00ednea de las arterias se encuentra elevada constantemente. Esta enfermedad es silenciosa, sin embargo, es importante prestarle atenci\u00f3n a la aparici\u00f3n de los siguientes s\u00edntomas: <\/p>\n\n\n\n<ul class=\"wp-block-list\">\n<li>Dolor de cabeza<\/li>\n\n\n\n<li>Dolor en la nuca<\/li>\n\n\n\n<li>Visi\u00f3n borrosa y mareos<\/li>\n<\/ul>\n\n\n\n<p>No obstante, es normal que el paciente con presi\u00f3n alta no padezca s\u00edntomas. <\/p>\n\n\n\n<p>A largo plazo, la hipertensi\u00f3n arterial es uno de los principales factores de riesgo de enfermedades graves como la enfermedad de las arterias coronarias, accidente cerebrovascular, infarto, aneurisma arterial, e insuficiencia renal y card\u00edaca. <\/p>\n\n\n\n<p>Los factores de riesgo que pueden desencadenar la hipertensi\u00f3n arterial: <\/p>\n\n\n\n<ul class=\"wp-block-list\">\n<li>Una dieta con exceso de sal.<\/li>\n\n\n\n<li>Sedentarismo.<\/li>\n\n\n\n<li>Sue\u00f1o irregular<\/li>\n\n\n\n<li><a href=\"https:\/\/www.biologix.com.br\/es\/2020\/03\/04\/apneia-do-sono-e-diabetes-qual-e-a-relacao\/\" target=\"_blank\" rel=\"noreferrer noopener\">Diabetes.<\/a><\/li>\n\n\n\n<li>Historia cl\u00ednica familiar: si un individuo tiene un padre hipertenso, este presenta un 25% de probabilidad de desarrollar la enfermedad. En el caso de tener dos padres hipertensos, las probabilidades suben por encima del 60%. <\/li>\n<\/ul>\n\n\n\n<p>Ahora que tenemos claros los factores de riesgo, debemos comenzar a prevenir esta enfermedad,\ny el primer paso es incorporar un estilo de vida saludable, esto trae un sinn\u00famero de beneficios.\nAdoptar una dieta saludable con menos sal, realizar actividad f\u00edsica de forma regular y reducir\nlos niveles de estr\u00e9s pueden ayudar a bajar la presi\u00f3n arterial. <\/p>\n\n\n\t\t<div data-elementor-type=\"section\" data-elementor-id=\"3414\" class=\"elementor elementor-3414\" data-elementor-post-type=\"elementor_library\">\n\t\t\t\t\t<section class=\"elementor-section elementor-top-section elementor-element elementor-element-bba2a7b elementor-section-boxed elementor-section-height-default elementor-section-height-default\" data-id=\"bba2a7b\" data-element_type=\"section\" data-e-type=\"section\">\n\t\t\t\t\t\t<div class=\"elementor-container elementor-column-gap-default\">\n\t\t\t\t\t<div class=\"elementor-column elementor-col-100 elementor-top-column elementor-element elementor-element-a39b97d\" data-id=\"a39b97d\" data-element_type=\"column\" data-e-type=\"column\">\n\t\t\t<div class=\"elementor-widget-wrap elementor-element-populated\">\n\t\t\t\t\t\t<div class=\"elementor-element elementor-element-7b06e35 elementor-widget elementor-widget-button\" data-id=\"7b06e35\" data-element_type=\"widget\" data-e-type=\"widget\" data-widget_type=\"button.default\">\n\t\t\t\t<div class=\"elementor-widget-container\">\n\t\t\t\t\t\t\t\t\t<div class=\"elementor-button-wrapper\">\n\t\t\t\t\t<a class=\"elementor-button elementor-button-link elementor-size-sm\" href=\"https:\/\/www.biologix.com.br\/es\/paciente\/#busca-centros\" id=\"buscar-centro-credenciado\">\n\t\t\t\t\t\t<span class=\"elementor-button-content-wrapper\">\n\t\t\t\t\t\t\t\t\t<span class=\"elementor-button-text\">Buscar un centro acreditado<\/span>\n\t\t\t\t\t<\/span>\n\t\t\t\t\t<\/a>\n\t\t\t\t<\/div>\n\t\t\t\t\t\t\t\t<\/div>\n\t\t\t\t<\/div>\n\t\t\t\t\t<\/div>\n\t\t<\/div>\n\t\t\t\t\t<\/div>\n\t\t<\/section>\n\t\t\t\t<\/div>\n\t\t\n\n\n\n<p><\/p>\n\n\n\n<p><strong>\u00a1IMPORTANTE! Solo los m\u00e9dicos debidamente calificados pueden diagnosticar enfermedades, indicar tratamientos y recetar medicamentos. La informaci\u00f3n disponible en este blog es solo de car\u00e1cter educativo.<\/strong><\/p>","protected":false},"excerpt":{"rendered":"<p>Voc\u00ea sabe qual \u00e9 a rela\u00e7\u00e3o entre hipertens\u00e3o arterial e apneia do sono? Antes de explicar esta associa\u00e7\u00e3o, vamos falar um pouco sobre a S\u00edndrome&hellip;<\/p>","protected":false},"author":11,"featured_media":2320,"comment_status":"closed","ping_status":"open","sticky":false,"template":"","format":"standard","meta":{"footnotes":""},"categories":[1],"tags":[68,66,29,67],"class_list":["post-955","post","type-post","status-publish","format-standard","has-post-thumbnail","hentry","category-paciente","tag-hipertensao","tag-hipertensao-arterial","tag-polissonografia","tag-pressao-alta"],"aioseo_notices":[],"_links":{"self":[{"href":"https:\/\/www.biologix.com.br\/es\/wp-json\/wp\/v2\/posts\/955","targetHints":{"allow":["GET"]}}],"collection":[{"href":"https:\/\/www.biologix.com.br\/es\/wp-json\/wp\/v2\/posts"}],"about":[{"href":"https:\/\/www.biologix.com.br\/es\/wp-json\/wp\/v2\/types\/post"}],"author":[{"embeddable":true,"href":"https:\/\/www.biologix.com.br\/es\/wp-json\/wp\/v2\/users\/11"}],"replies":[{"embeddable":true,"href":"https:\/\/www.biologix.com.br\/es\/wp-json\/wp\/v2\/comments?post=955"}],"version-history":[{"count":13,"href":"https:\/\/www.biologix.com.br\/es\/wp-json\/wp\/v2\/posts\/955\/revisions"}],"predecessor-version":[{"id":13873,"href":"https:\/\/www.biologix.com.br\/es\/wp-json\/wp\/v2\/posts\/955\/revisions\/13873"}],"wp:featuredmedia":[{"embeddable":true,"href":"https:\/\/www.biologix.com.br\/es\/wp-json\/wp\/v2\/media\/2320"}],"wp:attachment":[{"href":"https:\/\/www.biologix.com.br\/es\/wp-json\/wp\/v2\/media?parent=955"}],"wp:term":[{"taxonomy":"category","embeddable":true,"href":"https:\/\/www.biologix.com.br\/es\/wp-json\/wp\/v2\/categories?post=955"},{"taxonomy":"post_tag","embeddable":true,"href":"https:\/\/www.biologix.com.br\/es\/wp-json\/wp\/v2\/tags?post=955"}],"curies":[{"name":"wp","href":"https:\/\/api.w.org\/{rel}","templated":true}]}}